[{"Tipo":"Ordin\u00e1ria","N\u00famero":102026,"Exerc\u00edcio":2026,"Data":"20\/04\/2026","Status":"Encerrada","Legislatura":"18\u00b0 LEGISLATURA (2025 - 2028)","Descri\u00e7\u00e3o":"10\u00aa SESS\u00c3O ORDINARIA DO PRIMEIRO PER\u00cdODO DE 2026","Pauta (Arquivo)":"-","Ata (Arquivo)":"-"},{"Tipo":"Solene","N\u00famero":42026,"Exerc\u00edcio":2026,"Data":"20\/04\/2026","Status":"Encerrada","Legislatura":"18\u00b0 LEGISLATURA (2025 - 2028)","Descri\u00e7\u00e3o":"SESS\u00c3O SOLENE DE OUTORGA DA COMENDA EDSON LUIZ","Pauta (Arquivo)":"-","Ata (Arquivo)":"-"},{"Tipo":"Ordin\u00e1ria","N\u00famero":92026,"Exerc\u00edcio":2026,"Data":"13\/04\/2026","Status":"Encerrada","Legislatura":"18\u00b0 LEGISLATURA (2025 - 2028)","Descri\u00e7\u00e3o":"9\u00aa SESS\u00c3O ORDINARIA DO PRIMEIRO PER\u00cdODO DE 2026","Pauta (Arquivo)":"-","Ata (Arquivo)":"-"},{"Tipo":"Ordin\u00e1ria","N\u00famero":82026,"Exerc\u00edcio":2026,"Data":"06\/04\/2026","Status":"Encerrada","Legislatura":"18\u00b0 LEGISLATURA (2025 - 2028)","Descri\u00e7\u00e3o":"8\u00aa SESS\u00c3O ORDINARIA DO PRIMEIRO PER\u00cdODO DE 2026","Pauta (Arquivo)":"-","Ata (Arquivo)":"https:\/\/storage.googleapis.com\/storage.itransparencia.com.br\/47\/sessions\/2099\/dwoRJLFhncA2ln4NTaXNC2vJlOvGrujl3JbuzXsr.pdf"},{"Tipo":"Itinerante","N\u00famero":12026,"Exerc\u00edcio":2026,"Data":"30\/03\/2026","Status":"Encerrada","Legislatura":"18\u00b0 LEGISLATURA (2025 - 2028)","Descri\u00e7\u00e3o":"1\u00aa SESS\u00c3O ITINERANTE DO PRIMEIRO PER\u00cdODO 2026 - DISTRITO DE ANIL","Pauta (Arquivo)":"-","Ata (Arquivo)":"https:\/\/storage.googleapis.com\/storage.itransparencia.com.br\/47\/sessions\/2097\/u7ojiCVcyv0uqfDg2dnWDCrHrrApES4LYilGi75a.pdf"},{"Tipo":"Solene","N\u00famero":3,"Exerc\u00edcio":2026,"Data":"23\/03\/2026","Status":"Encerrada","Legislatura":"18\u00b0 LEGISLATURA (2025 - 2028)","Descri\u00e7\u00e3o":"SESS\u00c3O SOLENE MO\u00c7\u00c3O DE APLAUSOS E ENTREGA DO TITULO DE CIDAD\u00c3O 2026","Pauta (Arquivo)":"-","Ata (Arquivo)":"https:\/\/storage.googleapis.com\/storage.itransparencia.com.br\/47\/sessions\/2082\/vMDyvxKVd0X5gifZre3ZdfQAZwHZ4PAdxZU6wbgp.pdf"},{"Tipo":"Ordin\u00e1ria","N\u00famero":726,"Exerc\u00edcio":2026,"Data":"23\/03\/2026","Status":"Encerrada","Legislatura":"18\u00b0 LEGISLATURA (2025 - 2028)","Descri\u00e7\u00e3o":"7\u00aa SESS\u00c3O ORDIN\u00c1RIA DO PRIMEIRO PER\u00cdODO 2026","Pauta (Arquivo)":"-","Ata (Arquivo)":"https:\/\/storage.googleapis.com\/storage.itransparencia.com.br\/47\/sessions\/2083\/zD9OthSwPnrbKq2SZAOF7BHavdU0GIVS5FPhkJlC.pdf"},{"Tipo":"Ordin\u00e1ria","N\u00famero":62026,"Exerc\u00edcio":2026,"Data":"16\/03\/2026","Status":"Encerrada","Legislatura":"18\u00b0 LEGISLATURA (2025 - 2028)","Descri\u00e7\u00e3o":"6\u00aa SESS\u00c3O ORDIN\u00c1RIA DO PRIMEIRO PER\u00cdODO 2026","Pauta (Arquivo)":"-","Ata (Arquivo)":"https:\/\/storage.googleapis.com\/storage.itransparencia.com.br\/47\/sessions\/2075\/T4MTx6NAYQlmVUchuC0xFFHrnJ8pUWxUJo1RFMow.pdf"},{"Tipo":"Ordin\u00e1ria","N\u00famero":52026,"Exerc\u00edcio":2026,"Data":"09\/03\/2026","Status":"Encerrada","Legislatura":"18\u00b0 LEGISLATURA (2025 - 2028)","Descri\u00e7\u00e3o":"5\u00aa SESS\u00c3O ORDIN\u00c1RIA DO PRIMEIRO PER\u00cdODO 2026","Pauta (Arquivo)":"-","Ata (Arquivo)":"https:\/\/storage.googleapis.com\/storage.itransparencia.com.br\/47\/sessions\/2067\/bkAppYzNTz0XCrcbyGNgUKW4u3U0VxWqYjZOZbcp.pdf"},{"Tipo":"Solene","N\u00famero":12026,"Exerc\u00edcio":2026,"Data":"09\/03\/2026","Status":"Encerrada","Legislatura":"18\u00b0 LEGISLATURA (2025 - 2028)","Descri\u00e7\u00e3o":"SESS\u00c3O SOLENE | COMENDA CEZARINA ALMEIDA SANTOS","Pauta (Arquivo)":"-","Ata (Arquivo)":"https:\/\/storage.googleapis.com\/storage.itransparencia.com.br\/47\/sessions\/2068\/ujCokVY8WItZ8pqEOZqBrtbbsPkXGJJ9dxbDKcMO.pdf"},{"Tipo":"Ordin\u00e1ria","N\u00famero":42026,"Exerc\u00edcio":2026,"Data":"02\/03\/2026","Status":"Encerrada","Legislatura":"18\u00b0 LEGISLATURA (2025 - 2028)","Descri\u00e7\u00e3o":"4\u00aa SESS\u00c3O ORDIN\u00c1RIA DO PRIMEIRO PER\u00cdODO 2026","Pauta (Arquivo)":"-","Ata (Arquivo)":"https:\/\/storage.googleapis.com\/storage.itransparencia.com.br\/47\/sessions\/2060\/zIteoZCflttDMeDa1084lOSrHUiBJUXyEZapPT89.pdf"},{"Tipo":"Ordin\u00e1ria","N\u00famero":32026,"Exerc\u00edcio":2026,"Data":"23\/02\/2026","Status":"Encerrada","Legislatura":"18\u00b0 LEGISLATURA (2025 - 2028)","Descri\u00e7\u00e3o":"3\u00aa SESS\u00c3O ORDIN\u00c1RIA DO PRIMEIRO PER\u00cdODO 2026","Pauta (Arquivo)":"-","Ata (Arquivo)":"https:\/\/storage.googleapis.com\/storage.itransparencia.com.br\/47\/sessions\/2050\/KPMU4OWPjszaBk5qjYHMRZTRyp8EbmuJPpzS4wHe.pdf"},{"Tipo":"Ordin\u00e1ria","N\u00famero":22026,"Exerc\u00edcio":2026,"Data":"09\/02\/2026","Status":"Encerrada","Legislatura":"18\u00b0 LEGISLATURA (2025 - 2028)","Descri\u00e7\u00e3o":"2\u00aa SESS\u00c3O ORDIN\u00c1RIA DO PRIMEIRO PER\u00cdODO 2026","Pauta (Arquivo)":"-","Ata (Arquivo)":"https:\/\/storage.googleapis.com\/storage.itransparencia.com.br\/47\/sessions\/2043\/wNiZ4AUdS6YyLl5XwlqiDvtdQMW0gvJCRqXxZnIc.pdf"},{"Tipo":"Solene","N\u00famero":1,"Exerc\u00edcio":2026,"Data":"02\/02\/2026","Status":"Encerrada","Legislatura":"18\u00b0 LEGISLATURA (2025 - 2028)","Descri\u00e7\u00e3o":"SESS\u00c3O SOLENE | ABERTURA DOS TRABALHOS LEGISLATIVOS 2026","Pauta (Arquivo)":"-","Ata (Arquivo)":"https:\/\/storage.googleapis.com\/storage.itransparencia.com.br\/47\/sessions\/2033\/DU7y950IPPKGFYcXTYIDg1muq1vUXgo8uJTno7SJ.pdf"},{"Tipo":"Ordin\u00e1ria","N\u00famero":1,"Exerc\u00edcio":2026,"Data":"02\/02\/2026","Status":"Encerrada","Legislatura":"18\u00b0 LEGISLATURA (2025 - 2028)","Descri\u00e7\u00e3o":"1\u00aa SESS\u00c3O ORDIN\u00c1RIA DO PRIMEIRO PER\u00cdODO 2026","Pauta (Arquivo)":"-","Ata (Arquivo)":"https:\/\/storage.googleapis.com\/storage.itransparencia.com.br\/47\/sessions\/2034\/pGv0YQgVN5fXSvBHIdgLZJxsltbFtZkrtEohliPV.pdf"},{"Tipo":"Solene","N\u00famero":52026,"Exerc\u00edcio":2026,"Data":"13\/04\/2025","Status":"Encerrada","Legislatura":"18\u00b0 LEGISLATURA (2025 - 2028)","Descri\u00e7\u00e3o":"SESS\u00c3O SOLENE DE ENTREGA DA MEDALHA MONSENHOR JOS\u00c9 FURTADO CAVALCANTE","Pauta (Arquivo)":"-","Ata (Arquivo)":"-"},{"Tipo":"Solene","N\u00famero":1,"Exerc\u00edcio":2025,"Data":"15\/12\/2025","Status":"Encerrada","Legislatura":"18\u00b0 LEGISLATURA (2025 - 2028)","Descri\u00e7\u00e3o":"SESS\u00c3O SOLENE | ENTREGA DOS T\u00cdTULOS DE CIDAD\u00c3O MERUOQUENSE","Pauta (Arquivo)":"-","Ata (Arquivo)":"-"},{"Tipo":"Ordin\u00e1ria","N\u00famero":15,"Exerc\u00edcio":2025,"Data":"15\/12\/2025","Status":"Encerrada","Legislatura":"18\u00b0 LEGISLATURA (2025 - 2028)","Descri\u00e7\u00e3o":"SESS\u00c3O DE ENCERRAMENTO DO PERIODO LEGISLATIVO 2025","Pauta (Arquivo)":"-","Ata (Arquivo)":"-"},{"Tipo":"Solene","N\u00famero":725,"Exerc\u00edcio":2025,"Data":"04\/12\/2025","Status":"Encerrada","Legislatura":"18\u00b0 LEGISLATURA (2025 - 2028)","Descri\u00e7\u00e3o":"SESS\u00c3O SOLENE  ENTREGA DE MO\u00c7\u00c3O DE APLAUSOS\r\n\r\nC\u00e2mara Municipal de Meruoca","Pauta (Arquivo)":"-","Ata (Arquivo)":"https:\/\/storage.googleapis.com\/storage.itransparencia.com.br\/47\/sessions\/1997\/awmHK6HjrMHhnnmh4QT8vW6siuvrNYlxC0jAmdqL.pdf"},{"Tipo":"Ordin\u00e1ria","N\u00famero":1402,"Exerc\u00edcio":2025,"Data":"01\/12\/2025","Status":"Encerrada","Legislatura":"18\u00b0 LEGISLATURA (2025 - 2028)","Descri\u00e7\u00e3o":"14\u00aa SESS\u00c3O ORDIN\u00c1RIA DO SEGUNDO PER\u00cdODO 2025","Pauta (Arquivo)":"-","Ata (Arquivo)":"https:\/\/storage.googleapis.com\/storage.itransparencia.com.br\/47\/sessions\/1995\/DX7BcmjsrZQdOhiKauFM4D9iUvDa1oANHXfKhN2M.pdf"},{"Tipo":"Itinerante","N\u00famero":302,"Exerc\u00edcio":2025,"Data":"24\/11\/2025","Status":"Aberta","Legislatura":"18\u00b0 LEGISLATURA (2025 - 2028)","Descri\u00e7\u00e3o":"3\u00aa SESS\u00c3O ITINERANTE DO SEGUNDO PER\u00cdODO 2025  - DISTRITO DE CAMILOS","Pauta (Arquivo)":"-","Ata (Arquivo)":"https:\/\/storage.googleapis.com\/storage.itransparencia.com.br\/47\/sessions\/1987\/2Bxu780cf8scNAEIzyzbS2PNLHGCqeqPlhDTWCvp.pdf"},{"Tipo":"Solene","N\u00famero":5,"Exerc\u00edcio":2025,"Data":"17\/11\/2025","Status":"Encerrada","Legislatura":"18\u00b0 LEGISLATURA (2025 - 2028)","Descri\u00e7\u00e3o":"SESS\u00c3O SOLENE | COMENDA DE M\u00c9RITO EM EDUCA\u00c7\u00c3O - PROFESSOR JOS\u00c9 OLIMAR MAGALH\u00c3ES CARNEIRO","Pauta (Arquivo)":"-","Ata (Arquivo)":"-"},{"Tipo":"Ordin\u00e1ria","N\u00famero":1302,"Exerc\u00edcio":2025,"Data":"17\/11\/2025","Status":"Encerrada","Legislatura":"18\u00b0 LEGISLATURA (2025 - 2028)","Descri\u00e7\u00e3o":"13\u00aa SESS\u00c3O ORDIN\u00c1RIA DO SEGUNDO PER\u00cdODO 2025","Pauta (Arquivo)":"-","Ata (Arquivo)":"https:\/\/storage.googleapis.com\/storage.itransparencia.com.br\/47\/sessions\/1985\/vAx2Tvh6sVrSkvGiTMwuRNzzHBlDoAQiTcAQjS1X.pdf"},{"Tipo":"Ordin\u00e1ria","N\u00famero":1202,"Exerc\u00edcio":2025,"Data":"10\/11\/2025","Status":"Encerrada","Legislatura":"18\u00b0 LEGISLATURA (2025 - 2028)","Descri\u00e7\u00e3o":"12\u00aa SESS\u00c3O ORDIN\u00c1RIA DO SEGUNDO PER\u00cdODO 2025","Pauta (Arquivo)":"-","Ata (Arquivo)":"https:\/\/storage.googleapis.com\/storage.itransparencia.com.br\/47\/sessions\/1974\/OW9rQnNXOt5vkXPxEMPuSzQfA5b5SQ3zuujVQMh5.pdf"},{"Tipo":"Ordin\u00e1ria","N\u00famero":1102,"Exerc\u00edcio":2025,"Data":"03\/11\/2025","Status":"Encerrada","Legislatura":"18\u00b0 LEGISLATURA (2025 - 2028)","Descri\u00e7\u00e3o":"11\u00aa SESS\u00c3O ORDIN\u00c1RIA DO SEGUNDO PER\u00cdODO 2025","Pauta (Arquivo)":"-","Ata (Arquivo)":"https:\/\/storage.googleapis.com\/storage.itransparencia.com.br\/47\/sessions\/1960\/mZUxGSSQzO9NnOjK8yLV9cR979m4tVzTIW04b1tD.pdf"},{"Tipo":"Ordin\u00e1ria","N\u00famero":1002,"Exerc\u00edcio":2025,"Data":"20\/10\/2025","Status":"Encerrada","Legislatura":"18\u00b0 LEGISLATURA (2025 - 2028)","Descri\u00e7\u00e3o":"10\u00aa SESS\u00c3O ORDIN\u00c1RIA DO SEGUNDO PER\u00cdODO 2025","Pauta (Arquivo)":"-","Ata (Arquivo)":"https:\/\/storage.googleapis.com\/storage.itransparencia.com.br\/47\/sessions\/1950\/Koix82zqqGl4DZVgp8WgWnS5b3KnctyB0LTTeS5s.pdf"},{"Tipo":"Ordin\u00e1ria","N\u00famero":902,"Exerc\u00edcio":2025,"Data":"13\/10\/2025","Status":"Encerrada","Legislatura":"18\u00b0 LEGISLATURA (2025 - 2028)","Descri\u00e7\u00e3o":"9\u00aa SESS\u00c3O ORDIN\u00c1RIA DO SEGUNDO PER\u00cdODO 2025","Pauta (Arquivo)":"-","Ata (Arquivo)":"https:\/\/storage.googleapis.com\/storage.itransparencia.com.br\/47\/sessions\/1941\/HZqZJ8szLAOtNtEq2iGsfYuz9YtZJIEL8zd9lqIY.pdf"},{"Tipo":"Ordin\u00e1ria","N\u00famero":802,"Exerc\u00edcio":2025,"Data":"06\/10\/2025","Status":"Encerrada","Legislatura":"18\u00b0 LEGISLATURA (2025 - 2028)","Descri\u00e7\u00e3o":"8\u00aa SESS\u00c3O ORDIN\u00c1RIA DO SEGUNDO PER\u00cdODO 2025","Pauta (Arquivo)":"-","Ata (Arquivo)":"-"},{"Tipo":"Itinerante","N\u00famero":202,"Exerc\u00edcio":2025,"Data":"29\/09\/2025","Status":"Encerrada","Legislatura":"18\u00b0 LEGISLATURA (2025 - 2028)","Descri\u00e7\u00e3o":"2\u00aa SESS\u00c3O ITINERANTE DO SEGUNDO PER\u00cdODO 2025 - DISTRITO DE S\u00c3O FRANCISCO","Pauta (Arquivo)":"-","Ata (Arquivo)":"https:\/\/storage.googleapis.com\/storage.itransparencia.com.br\/47\/sessions\/1924\/P5Am1OoqsrDS0PRT4IJzT9XTcs1Zr0orrs1UofUg.pdf"},{"Tipo":"Solene","N\u00famero":3,"Exerc\u00edcio":2025,"Data":"22\/09\/2025","Status":"Encerrada","Legislatura":"18\u00b0 LEGISLATURA (2025 - 2028)","Descri\u00e7\u00e3o":"SESS\u00c3O SOLENE - ENTREGA DAS MO\u00c7\u00d5ES DE APLAUSOS","Pauta (Arquivo)":"-","Ata (Arquivo)":"https:\/\/storage.googleapis.com\/storage.itransparencia.com.br\/47\/sessions\/1914\/wuB5bpAfLrGeWbcrIh7oPzdo5BmMywEecSrbNzj6.pdf"},{"Tipo":"Ordin\u00e1ria","N\u00famero":702,"Exerc\u00edcio":2025,"Data":"22\/09\/2025","Status":"Encerrada","Legislatura":"18\u00b0 LEGISLATURA (2025 - 2028)","Descri\u00e7\u00e3o":"7\u00aa SESS\u00c3O ORDIN\u00c1RIA DO SEGUNDO PER\u00cdODO 2025","Pauta (Arquivo)":"-","Ata (Arquivo)":"https:\/\/storage.googleapis.com\/storage.itransparencia.com.br\/47\/sessions\/1915\/ZMSlm75lZqHUATqlk9H4j2r2MIMRuWhXAqCeQHRt.pdf"},{"Tipo":"Ordin\u00e1ria","N\u00famero":602,"Exerc\u00edcio":2025,"Data":"15\/09\/2025","Status":"Encerrada","Legislatura":"18\u00b0 LEGISLATURA (2025 - 2028)","Descri\u00e7\u00e3o":"6\u00aa SESS\u00c3O ORDIN\u00c1RIA DO SEGUNDO PER\u00cdODO 2025","Pauta (Arquivo)":"-","Ata (Arquivo)":"https:\/\/storage.googleapis.com\/storage.itransparencia.com.br\/47\/sessions\/1906\/ta6J7juFsrYQ4c6N9jUsDkJ59dwdIVDAOOCYNTfU.pdf"},{"Tipo":"Ordin\u00e1ria","N\u00famero":52025,"Exerc\u00edcio":2025,"Data":"08\/09\/2025","Status":"Encerrada","Legislatura":"18\u00b0 LEGISLATURA (2025 - 2028)","Descri\u00e7\u00e3o":"5\u00aa SESS\u00c3O ORDIN\u00c1RIA DO SEGUNDO PER\u00cdODO 2025","Pauta (Arquivo)":"-","Ata (Arquivo)":"https:\/\/storage.googleapis.com\/storage.itransparencia.com.br\/47\/sessions\/1900\/eyHxyXAlZfSKR31z98DYj1O738UCwZi4iNwkXGgA.pdf"},{"Tipo":"Ordin\u00e1ria","N\u00famero":402,"Exerc\u00edcio":2025,"Data":"01\/09\/2025","Status":"Encerrada","Legislatura":"18\u00b0 LEGISLATURA (2025 - 2028)","Descri\u00e7\u00e3o":"4\u00aa SESS\u00c3O ORDIN\u00c1RIA DO SEGUNDO PER\u00cdODO 2025","Pauta (Arquivo)":"-","Ata (Arquivo)":"https:\/\/storage.googleapis.com\/storage.itransparencia.com.br\/47\/sessions\/1876\/X5jgX4wnJ83xlgg9zN1YpyiSh3lfnXbPbQbiJ0JC.pdf"},{"Tipo":"Solene","N\u00famero":1,"Exerc\u00edcio":2025,"Data":"01\/09\/2025","Status":"Encerrada","Legislatura":"18\u00b0 LEGISLATURA (2025 - 2028)","Descri\u00e7\u00e3o":"SESS\u00c3O SOLENE DE POSSE DO PARLAMENTO JOVEM 2025","Pauta (Arquivo)":"-","Ata (Arquivo)":"https:\/\/storage.googleapis.com\/storage.itransparencia.com.br\/47\/sessions\/1877\/97lBanG8M0f9A8TJRUdwlUo7eESCcGHHOqN9vepM.pdf"},{"Tipo":"Itinerante","N\u00famero":202,"Exerc\u00edcio":2025,"Data":"25\/08\/2025","Status":"Encerrada","Legislatura":"18\u00b0 LEGISLATURA (2025 - 2028)","Descri\u00e7\u00e3o":"1\u00aa SESS\u00c3O ITINERANTE DO SEGUNDO PER\u00cdODO 2025 - DISTRITO DE FERNANDES","Pauta (Arquivo)":"-","Ata (Arquivo)":"https:\/\/storage.googleapis.com\/storage.itransparencia.com.br\/47\/sessions\/1868\/LaugVpd1fgRh5NehdQMwZPnAS03kceYEVlraYsRu.pdf"},{"Tipo":"Ordin\u00e1ria","N\u00famero":302,"Exerc\u00edcio":2025,"Data":"18\/08\/2025","Status":"Aberta","Legislatura":"18\u00b0 LEGISLATURA (2025 - 2028)","Descri\u00e7\u00e3o":"3\u00aa SESS\u00c3O ORDIN\u00c1RIA DO SEGUNDO PER\u00cdODO 2025","Pauta (Arquivo)":"-","Ata (Arquivo)":"https:\/\/storage.googleapis.com\/storage.itransparencia.com.br\/47\/sessions\/1861\/VtUPIskw6VP0sJRlrdB3OvddAo4UGVzRC6bitBCW.pdf"},{"Tipo":"Solene","N\u00famero":2052025,"Exerc\u00edcio":2025,"Data":"11\/08\/2025","Status":"Encerrada","Legislatura":"18\u00b0 LEGISLATURA (2025 - 2028)","Descri\u00e7\u00e3o":"SESS\u00c3O SOLENE DE DIPLOMA\u00c7\u00c3O DO PARLAMENTO JOVEM 2025","Pauta (Arquivo)":"-","Ata (Arquivo)":"https:\/\/storage.googleapis.com\/storage.itransparencia.com.br\/47\/sessions\/1855\/OysspGbm4O4yitobAHdtY3Cw16vzH9Ywdxj8OGNQ.pdf"},{"Tipo":"Ordin\u00e1ria","N\u00famero":2052025,"Exerc\u00edcio":2025,"Data":"11\/08\/2025","Status":"Encerrada","Legislatura":"18\u00b0 LEGISLATURA (2025 - 2028)","Descri\u00e7\u00e3o":"2\u00aa SESS\u00c3O ORDIN\u00c1RIA DO SEGUNDO PER\u00cdODO 2025","Pauta (Arquivo)":"-","Ata (Arquivo)":"https:\/\/storage.googleapis.com\/storage.itransparencia.com.br\/47\/sessions\/1856\/rdrjhlA0g9fXtzShhP2z2hHEJYiKBkaokSHfkb80.pdf"},{"Tipo":"Solene","N\u00famero":102,"Exerc\u00edcio":2025,"Data":"04\/08\/2025","Status":"Encerrada","Legislatura":"18\u00b0 LEGISLATURA (2025 - 2028)","Descri\u00e7\u00e3o":"SESS\u00c3O SOLENE DE ABERTURA DO SEGUNDO PER\u00cdODO 2025","Pauta (Arquivo)":"-","Ata (Arquivo)":"-"},{"Tipo":"Solene","N\u00famero":102,"Exerc\u00edcio":2025,"Data":"04\/08\/2025","Status":"Encerrada","Legislatura":"18\u00b0 LEGISLATURA (2025 - 2028)","Descri\u00e7\u00e3o":"1 SESS\u00c3O SOLENE DE ABERTURA DO SEGUNDO PER\u00cdODO 2025","Pauta (Arquivo)":"-","Ata (Arquivo)":"https:\/\/storage.googleapis.com\/storage.itransparencia.com.br\/47\/sessions\/1844\/GMAMLBPZMK7pG4o4Ly7cEdh4v48rbTidRgLi4rmJ.pdf"},{"Tipo":"Itinerante","N\u00famero":1,"Exerc\u00edcio":2025,"Data":"30\/06\/2025","Status":"Encerrada","Legislatura":"18\u00b0 LEGISLATURA (2025 - 2028)","Descri\u00e7\u00e3o":"1\u00aa SESS\u00c3O ITINERANTE DO PRIMEIRO PER\u00cdODO 2025 - DISTRITO DE PALESTINA","Pauta (Arquivo)":"-","Ata (Arquivo)":"-"},{"Tipo":"Solene","N\u00famero":1,"Exerc\u00edcio":2025,"Data":"30\/06\/2025","Status":"Encerrada","Legislatura":"18\u00b0 LEGISLATURA (2025 - 2028)","Descri\u00e7\u00e3o":"SESS\u00c3O SOLENE DE ENCERRAMENTO  DO PRIMEIRO PER\u00cdODO 2025 - DISTRITO DE PALESTINA","Pauta (Arquivo)":"-","Ata (Arquivo)":"-"},{"Tipo":"Ordin\u00e1ria","N\u00famero":182025,"Exerc\u00edcio":2025,"Data":"23\/06\/2025","Status":"Encerrada","Legislatura":"18\u00b0 LEGISLATURA (2025 - 2028)","Descri\u00e7\u00e3o":"18\u00aa SESS\u00c3O ORDIN\u00c1RIA DO PRIMEIRO PER\u00cdODO 2025","Pauta (Arquivo)":"-","Ata (Arquivo)":"-"},{"Tipo":"Audi\u00eancia P\u00fablica","N\u00famero":22025,"Exerc\u00edcio":2025,"Data":"23\/06\/2025","Status":"Encerrada","Legislatura":"18\u00b0 LEGISLATURA (2025 - 2028)","Descri\u00e7\u00e3o":"AUDI\u00caNCIA P\u00daBLICA | LEI DE DIRETRIZES OR\u00c7AMENT\u00c1RIAS (LDO)","Pauta (Arquivo)":"-","Ata (Arquivo)":"-"},{"Tipo":"Ordin\u00e1ria","N\u00famero":172025,"Exerc\u00edcio":2025,"Data":"16\/06\/2025","Status":"Encerrada","Legislatura":"18\u00b0 LEGISLATURA (2025 - 2028)","Descri\u00e7\u00e3o":"17\u00aa SESS\u00c3O ORDIN\u00c1RIA DO PRIMEIRO PER\u00cdODO 2025","Pauta (Arquivo)":"-","Ata (Arquivo)":"-"},{"Tipo":"Ordin\u00e1ria","N\u00famero":15,"Exerc\u00edcio":2025,"Data":"26\/05\/2025","Status":"Encerrada","Legislatura":"18\u00b0 LEGISLATURA (2025 - 2028)","Descri\u00e7\u00e3o":"15\u00aa SESS\u00c3O ORDIN\u00c1RIA DO PRIMEIRO PER\u00cdODO 2025","Pauta (Arquivo)":"-","Ata (Arquivo)":"https:\/\/storage.googleapis.com\/storage.itransparencia.com.br\/47\/sessions\/1780\/yMgWdj5WErGD2KOWVck4AJHDz9vFQwlve72e9Vdw.pdf"},{"Tipo":"Extra-Ordin\u00e1ria","N\u00famero":3,"Exerc\u00edcio":2025,"Data":"20\/05\/2025","Status":"Encerrada","Legislatura":"18\u00b0 LEGISLATURA (2025 - 2028)","Descri\u00e7\u00e3o":"3\u00aa SESS\u00c3O EXTRAORDIN\u00c1RIA DO PRIMEIRO PER\u00cdODO 2025","Pauta (Arquivo)":"-","Ata (Arquivo)":"-"},{"Tipo":"Ordin\u00e1ria","N\u00famero":132025,"Exerc\u00edcio":2025,"Data":"12\/05\/2025","Status":"Encerrada","Legislatura":"18\u00b0 LEGISLATURA (2025 - 2028)","Descri\u00e7\u00e3o":"13\u00aa SESS\u00c3O ORDIN\u00c1RIA DO PRIMEIRO PER\u00cdODO 2025","Pauta (Arquivo)":"-","Ata (Arquivo)":"https:\/\/storage.googleapis.com\/storage.itransparencia.com.br\/47\/sessions\/1755\/aKFsdVuxSbRX9OwzyJHA7bRUwnTWVMS9WL9wbqsY.pdf"},{"Tipo":"Ordin\u00e1ria","N\u00famero":16,"Exerc\u00edcio":2025,"Data":"09\/05\/2025","Status":"Encerrada","Legislatura":"18\u00b0 LEGISLATURA (2025 - 2028)","Descri\u00e7\u00e3o":"16\u00aa SESS\u00c3O ORDIN\u00c1RIA DO PRIMEIRO PER\u00cdODO 2025","Pauta (Arquivo)":"-","Ata (Arquivo)":"https:\/\/storage.googleapis.com\/storage.itransparencia.com.br\/47\/sessions\/1794\/H7FjBOKmqGK0yRnvcvUFTogcBf4q7FMTf04FG62e.pdf"},{"Tipo":"Ordin\u00e1ria","N\u00famero":122025,"Exerc\u00edcio":2025,"Data":"05\/05\/2025","Status":"Encerrada","Legislatura":"18\u00b0 LEGISLATURA (2025 - 2028)","Descri\u00e7\u00e3o":"12\u00aa SESS\u00c3O ORDIN\u00c1RIA DO PRIMEIRO PER\u00cdODO 2025","Pauta (Arquivo)":"-","Ata (Arquivo)":"https:\/\/storage.googleapis.com\/storage.itransparencia.com.br\/47\/sessions\/1744\/Q9fPTVUPUdiVNfcrccScOoHlRuFPdyiVeealY2FM.pdf"},{"Tipo":"Solene","N\u00famero":112025,"Exerc\u00edcio":2025,"Data":"30\/04\/2025","Status":"Encerrada","Legislatura":"18\u00b0 LEGISLATURA (2025 - 2028)","Descri\u00e7\u00e3o":"Em uma manh\u00e3 marcada pela emo\u00e7\u00e3o e pelo reconhecimento, a C\u00e2mara Municipal de Meruoca realizou a Sess\u00e3o Solene de entrega da Comenda Edson Luiz, homenageando os melhores alunos do Ensino Fundamental e M\u00e9dio do ano letivo de 2024.\r\n\r\nCada rosto, um exemplo de dedica\u00e7\u00e3o. Cada homenagem, um incentivo para um futuro melhor.\r\n\r\nC\u00e2mara Municipal de Meruoca \u2013 Compromisso com o cidad\u00e3o.","Pauta (Arquivo)":"-","Ata (Arquivo)":"https:\/\/storage.googleapis.com\/storage.itransparencia.com.br\/47\/sessions\/1743\/JqqezSHIxSmKWBPtSxBFK5YGx4vAEMo1Xao7O38i.pdf"},{"Tipo":"Ordin\u00e1ria","N\u00famero":112025,"Exerc\u00edcio":2025,"Data":"28\/04\/2025","Status":"Encerrada","Legislatura":"18\u00b0 LEGISLATURA (2025 - 2028)","Descri\u00e7\u00e3o":"Na 11\u00aa sess\u00e3o ordin\u00e1ria, al\u00e9m da discuss\u00e3o de pautas importantes e da apresenta\u00e7\u00e3o de novos projetos, foi realizada a entrega da Medalha Monsenhor Furtado, em homenagem \u00e0 Dona Salete. A honraria foi recebida por sua filha, em um gesto de reconhecimento \u00e0 dedica\u00e7\u00e3o e contribui\u00e7\u00e3o de sua m\u00e3e para a nossa cidade.\r\nSeguimos trabalhando para honrar o passado e construir o futuro!\r\n\r\n\ud83d\udcf8 Confira os registros deste momento especial!\r\n\r\n\u2705 Acompanhe o trabalho da C\u00e2mara e participe!\r\n\r\nC\u00e2mara Municipal de Meruoca\r\nCompromisso com o cidad\u00e3o.","Pauta (Arquivo)":"-","Ata (Arquivo)":"https:\/\/storage.googleapis.com\/storage.itransparencia.com.br\/47\/sessions\/1741\/YlkfjubLViylKjLxu6ZGjbQIMGwKfx9gyjyZtDVE.pdf"},{"Tipo":"Ordin\u00e1ria","N\u00famero":102025,"Exerc\u00edcio":2025,"Data":"14\/04\/2025","Status":"Encerrada","Legislatura":"18\u00b0 LEGISLATURA (2025 - 2028)","Descri\u00e7\u00e3o":"Trabalho que transforma Meruoca! Na d\u00e9cima sess\u00e3o ordin\u00e1ria, os vereadores deram continuidade \u00e0s discuss\u00f5es importantes para o munic\u00edpio, apresentaram novos projetos e refor\u00e7aram o compromisso com o bem-estar da popula\u00e7\u00e3o. A C\u00e2mara segue atuando com responsabilidade e dedica\u00e7\u00e3o.","Pauta (Arquivo)":"-","Ata (Arquivo)":"https:\/\/storage.googleapis.com\/storage.itransparencia.com.br\/47\/sessions\/1731\/3bU9OtPcg00tGkkmcjZhhzI4P9oz93KNzTJfnJnz.pdf"},{"Tipo":"Ordin\u00e1ria","N\u00famero":92025,"Exerc\u00edcio":2025,"Data":"07\/04\/2025","Status":"Encerrada","Legislatura":"18\u00b0 LEGISLATURA (2025 - 2028)","Descri\u00e7\u00e3o":"9\u00aa SESS\u00c3O ORDIN\u00c1RIA DO PRIMEIRO PER\u00cdODO 2025","Pauta (Arquivo)":"-","Ata (Arquivo)":"https:\/\/storage.googleapis.com\/storage.itransparencia.com.br\/47\/sessions\/1724\/sxgSVrd16EaIrJB3pP4cUYDVhNwAauUSq2KP2NaZ.pdf"},{"Tipo":"Ordin\u00e1ria","N\u00famero":82025,"Exerc\u00edcio":2025,"Data":"31\/03\/2025","Status":"Encerrada","Legislatura":"18\u00b0 LEGISLATURA (2025 - 2028)","Descri\u00e7\u00e3o":"8\u00aa SESS\u00c3O ORDIN\u00c1RIA DO PRIMEIRO PER\u00cdODO DE 2025","Pauta (Arquivo)":"-","Ata (Arquivo)":"https:\/\/storage.googleapis.com\/storage.itransparencia.com.br\/47\/sessions\/1707\/tYzC9QWtUnVGMWOvVqoMv8fb4asBbA3tSwucB9nh.pdf"},{"Tipo":"Solene","N\u00famero":22025,"Exerc\u00edcio":2025,"Data":"31\/03\/2025","Status":"Encerrada","Legislatura":"18\u00b0 LEGISLATURA (2025 - 2028)","Descri\u00e7\u00e3o":"A C\u00e2mara Municipal de Meruoca realizou uma emocionante sess\u00e3o solene para a entrega da Comenda Cezarina Almeida Santos, honraria dedicada a reconhecer mulheres que t\u00eam contribu\u00eddo significativamente para o desenvolvimento e bem-estar de nossa comunidade.","Pauta (Arquivo)":"-","Ata (Arquivo)":"https:\/\/storage.googleapis.com\/storage.itransparencia.com.br\/47\/sessions\/1708\/Xs5KwFvpxPOVKq3LhrVHB3DSEsGBJI0hftxpEJWi.pdf"},{"Tipo":"Ordin\u00e1ria","N\u00famero":22025,"Exerc\u00edcio":2025,"Data":"25\/03\/2025","Status":"Encerrada","Legislatura":"18\u00b0 LEGISLATURA (2025 - 2028)","Descri\u00e7\u00e3o":"7\u00aa SESS\u00c3O ORDIN\u00c1RIA DA 18\u00aa LEGISLATURA","Pauta (Arquivo)":"-","Ata (Arquivo)":"https:\/\/storage.googleapis.com\/storage.itransparencia.com.br\/47\/sessions\/1695\/eJXv7YE9gkDFYXDASf5hSFxhvh46XKEkd0Um3IcX.pdf"},{"Tipo":"Solene","N\u00famero":72025,"Exerc\u00edcio":2025,"Data":"24\/03\/2025","Status":"Encerrada","Legislatura":"18\u00b0 LEGISLATURA (2025 - 2028)","Descri\u00e7\u00e3o":"Uma noite marcada pela emo\u00e7\u00e3o e pelo reconhecimento! A C\u00e2mara Municipal de Meruoca celebrou a entrega da Medalha Monsenhor Jos\u00e9 Furtado Cavalcante, a mais alta honraria do Legislativo, homenageando tr\u00eas grandes mulheres que dedicaram suas vidas ao servi\u00e7o da comunidade:\r\n\ud83d\udc49\ud83c\udffbMaria de F\u00e1tima Lopes \u2013 Educadora exemplar, respons\u00e1vel por alfabetizar gera\u00e7\u00f5es de meruoquenses, reconhecida entre as melhores alfabetizadoras.\r\n\ud83d\udc49\ud83c\udffbMaria Salete Barros Carneiro \u2013 Professora e l\u00edder religiosa, com uma trajet\u00f3ria de dedica\u00e7\u00e3o ao ensino e \u00e0 f\u00e9, transformando vidas por meio do conhecimento e da espiritualidade.\r\n\ud83d\udc49\ud83c\udffbMaria de Jesus Fernandes \u2013 Refer\u00eancia na vida religiosa de Camilos, atuando h\u00e1 d\u00e9cadas na igreja, na comunidade e na assist\u00eancia aos mais necessitados.\r\nA sess\u00e3o solene contou com a presen\u00e7a do Prefeito Herton Alves, Vereadores e dos familiares das agraciadas, que compartilharam esse momento de alegria e gratid\u00e3o.\r\nParab\u00e9ns \u00e0s homenageadas!\ud83c\udf89\u00a0\r\nC\u00e2mara Municipal de Meruoca\u00a0Compromisso com o cidad\u00e3o.","Pauta (Arquivo)":"-","Ata (Arquivo)":"https:\/\/storage.googleapis.com\/storage.itransparencia.com.br\/47\/sessions\/1694\/j4jgOviqL6imLvTeVwDo78bp3zZEZj0U6ePMWFmd.pdf"},{"Tipo":"Audi\u00eancia P\u00fablica","N\u00famero":12025,"Exerc\u00edcio":2025,"Data":"20\/03\/2025","Status":"Encerrada","Legislatura":"18\u00b0 LEGISLATURA (2025 - 2028)","Descri\u00e7\u00e3o":"A C&acirc;mara Municipal de Meruoca realizou a Audi&ecirc;ncia P&uacute;blica para a presta&ccedil;&atilde;o de contas referentes ao 1&ordm;, 2&ordm; e 3&ordm; quadrimestres do exerc&iacute;cio financeiro de 2024. O momento foi essencial para garantir a transpar&ecirc;ncia na gest&atilde;o dos recursos p&uacute;blicos, permitindo que a popula&ccedil;&atilde;o acompanhe a aplica&ccedil;&atilde;o do or&ccedil;amento municipal. A participa&ccedil;&atilde;o cidad&atilde; &eacute; fundamental para uma gest&atilde;o democr&aacute;tica e respons&aacute;vel!\r\nC&acirc;mara Municipal de MeruocaCompromisso com o cidad&atilde;o.","Pauta (Arquivo)":"-","Ata (Arquivo)":"-"},{"Tipo":"Ordin\u00e1ria","N\u00famero":62025,"Exerc\u00edcio":2025,"Data":"17\/03\/2025","Status":"Encerrada","Legislatura":"18\u00b0 LEGISLATURA (2025 - 2028)","Descri\u00e7\u00e3o":"Compromisso e trabalho pelo futuro de Meruoca! Na sexta sess\u00e3o ordin\u00e1ria, os vereadores discutiram pautas relevantes, apresentaram novas propostas e refor\u00e7aram o compromisso com o desenvolvimento do munic\u00edpio. Seguimos firmes na miss\u00e3o de representar e atender \u00e0s necessidades da popula\u00e7\u00e3o.\r\n\ud83d\udcf8 Confira os destaques desse importante momento!\r\n\u2705 Acompanhe as a\u00e7\u00f5es da C\u00e2mara e participe!\r\nC\u00e2mara Municipal de MeruocaCompromisso com o cidad\u00e3o.","Pauta (Arquivo)":"-","Ata (Arquivo)":"https:\/\/storage.googleapis.com\/storage.itransparencia.com.br\/47\/sessions\/1690\/OjAraKjt2ILlbQPApjhUpWhR68M3GlEDlTpqasTy.pdf"},{"Tipo":"Ordin\u00e1ria","N\u00famero":52025,"Exerc\u00edcio":2025,"Data":"10\/03\/2025","Status":"Encerrada","Legislatura":"18\u00b0 LEGISLATURA (2025 - 2028)","Descri\u00e7\u00e3o":"Compromisso e trabalho por Meruoca! Os vereadores apresentaram propostas, discutiram projetos e debateram pautas de interesse da popula\u00e7\u00e3o. Seguimos firmes na busca por melhorias para o munic\u00edpio.","Pauta (Arquivo)":"-","Ata (Arquivo)":"https:\/\/storage.googleapis.com\/storage.itransparencia.com.br\/47\/sessions\/1683\/PSVhhTxNde5OWngEvRYHtWXDkZI4omaWWeVXFx8n.pdf"},{"Tipo":"Ordin\u00e1ria","N\u00famero":42025,"Exerc\u00edcio":2025,"Data":"24\/02\/2025","Status":"Encerrada","Legislatura":"18\u00b0 LEGISLATURA (2025 - 2028)","Descri\u00e7\u00e3o":"Mais um momento de trabalho e compromisso com Meruoca! Nesta sess\u00e3o, os vereadores debateram proposi\u00e7\u00f5es, apresentaram requerimentos e discutiram projetos que visam o desenvolvimento do munic\u00edpio. Seguimos firmes na miss\u00e3o de ouvir a popula\u00e7\u00e3o e buscar solu\u00e7\u00f5es para o bem-estar de todos.","Pauta (Arquivo)":"-","Ata (Arquivo)":"https:\/\/storage.googleapis.com\/storage.itransparencia.com.br\/47\/sessions\/1658\/j9WNBW9x2TiuhQh8qBWO0to3NCjR4awl0XE9omv9.pdf"},{"Tipo":"Ordin\u00e1ria","N\u00famero":32025,"Exerc\u00edcio":2025,"Data":"17\/02\/2025","Status":"Encerrada","Legislatura":"18\u00b0 LEGISLATURA (2025 - 2028)","Descri\u00e7\u00e3o":"Dando continuidade aos trabalhos legislativos, no dia 17\/02, foi realizada a terceira sess\u00e3o ordin\u00e1ria do ano, reafirmando nosso compromisso com o desenvolvimento de Meruoca.\r\n\u203a Acompanhe os registros desse momento e fique por dentro das a\u00e7\u00f5es do Legislativo!\r\nC\u00e2mara Municipal de MeruocaCompromisso com o cidad\u00e3o.","Pauta (Arquivo)":"-","Ata (Arquivo)":"https:\/\/storage.googleapis.com\/storage.itransparencia.com.br\/47\/sessions\/1652\/0vtN4qp5AYXL5MAJRp9OF1Bqktf6v6bQjCrOhPDT.pdf"},{"Tipo":"Ordin\u00e1ria","N\u00famero":22025,"Exerc\u00edcio":2025,"Data":"10\/02\/2025","Status":"Encerrada","Legislatura":"18\u00b0 LEGISLATURA (2025 - 2028)","Descri\u00e7\u00e3o":"2\u00aa SESS\u00c3O ORDIN\u00c1RIA DO PRIMEIRO PER\u00cdODO 2025","Pauta (Arquivo)":"-","Ata (Arquivo)":"https:\/\/storage.googleapis.com\/storage.itransparencia.com.br\/47\/sessions\/1642\/OQwNcFiEeEY92RApGSE9fMe1KAKP6ofExxv1XOyR.pdf"},{"Tipo":"Extra-Ordin\u00e1ria","N\u00famero":2,"Exerc\u00edcio":2025,"Data":"06\/02\/2025","Status":"Encerrada","Legislatura":"18\u00b0 LEGISLATURA (2025 - 2028)","Descri\u00e7\u00e3o":"SESS\u00c3O EXTRAORDIN\u00c1RIA: PROJETO DE LEI SOBRE A ESTRUTURA ADMINISTRATIVA DO PODER EXECUTIVO \u00c9 APROVADO.","Pauta (Arquivo)":"-","Ata (Arquivo)":"-"},{"Tipo":"Solene","N\u00famero":2,"Exerc\u00edcio":2025,"Data":"03\/02\/2025","Status":"Encerrada","Legislatura":"18\u00b0 LEGISLATURA (2025 - 2028)","Descri\u00e7\u00e3o":"SESS\u00c3O SOLENE DO PRIMEIRO PER\u00cdODO 2025","Pauta (Arquivo)":"-","Ata (Arquivo)":"https:\/\/storage.googleapis.com\/storage.itransparencia.com.br\/47\/sessions\/1626\/0omcMNu54MJNiIKwAqCcBLKHMuNZ6dojF1wTfH7H.pdf"},{"Tipo":"Ordin\u00e1ria","N\u00famero":3,"Exerc\u00edcio":2025,"Data":"03\/02\/2025","Status":"Encerrada","Legislatura":"18\u00b0 LEGISLATURA (2025 - 2028)","Descri\u00e7\u00e3o":"1\u00aa SESS\u00c3O ORDIN\u00c1RIA DO PRIMEIRO PER\u00cdODO 2025","Pauta (Arquivo)":"-","Ata (Arquivo)":"https:\/\/storage.googleapis.com\/storage.itransparencia.com.br\/47\/sessions\/1627\/i7GZTW9nGeZstFsw6KN5giXrSMWoMaKDjnEdCOzX.pdf"},{"Tipo":"Extra-Ordin\u00e1ria","N\u00famero":1,"Exerc\u00edcio":2025,"Data":"20\/01\/2025","Status":"Encerrada","Legislatura":"18\u00b0 LEGISLATURA (2025 - 2028)","Descri\u00e7\u00e3o":"1\u00aa SESS\u00c3O EXTRAORDIN\u00c1RIA DO PRIMEIRO PER\u00cdODO 2025","Pauta (Arquivo)":"-","Ata (Arquivo)":"https:\/\/storage.googleapis.com\/storage.itransparencia.com.br\/47\/sessions\/1624\/W7dKc8mg2zWIHgkB0vNS2S7u1u8IFNvY1Lh1GHQN.pdf"},{"Tipo":"Solene","N\u00famero":1,"Exerc\u00edcio":2025,"Data":"01\/01\/2025","Status":"Encerrada","Legislatura":"18\u00b0 LEGISLATURA (2025 - 2028)","Descri\u00e7\u00e3o":"SESS\u00c3O SOLENE DA 18\u00ba LEGISLATURA DA C\u00c2MARA MUNICIPAL DE MERUOCA E POSSE DO PREFEITO E VICE-PREFEITO.","Pauta (Arquivo)":"-","Ata (Arquivo)":"-"},{"Tipo":"Solene","N\u00famero":4,"Exerc\u00edcio":2024,"Data":"12\/12\/2024","Status":"Encerrada","Legislatura":"Legislatura (2021 - 2024)","Descri\u00e7\u00e3o":"SESS\u00c3O SOLENE | ENTREGA DO T\u00cdTULO DE CIDAD\u00c3O MERUOQUENSE","Pauta (Arquivo)":"-","Ata (Arquivo)":"-"},{"Tipo":"Ordin\u00e1ria","N\u00famero":8,"Exerc\u00edcio":2024,"Data":"09\/12\/2024","Status":"Encerrada","Legislatura":"Legislatura (2021 - 2024)","Descri\u00e7\u00e3o":"8\u00aa SESS\u00c3O ORDIN\u00c1RIA DO 2\u00ba PER\u00cdODO LEGISLATIVO 2024","Pauta (Arquivo)":"-","Ata (Arquivo)":"-"},{"Tipo":"Solene","N\u00famero":3,"Exerc\u00edcio":2024,"Data":"09\/12\/2024","Status":"Encerrada","Legislatura":"Legislatura (2021 - 2024)","Descri\u00e7\u00e3o":"SESS\u00c3O SOLENE | ENTREGA DA COMENDA EMPREENDEDOR DO ANO","Pauta (Arquivo)":"-","Ata (Arquivo)":"https:\/\/storage.googleapis.com\/storage.itransparencia.com.br\/47\/sessions\/1586\/WkHvnw2CI8pmgKA4gRBBLfcQdbOGQb8Tf6KptkIL.pdf"},{"Tipo":"Solene","N\u00famero":2,"Exerc\u00edcio":2024,"Data":"02\/12\/2024","Status":"Encerrada","Legislatura":"Legislatura (2021 - 2024)","Descri\u00e7\u00e3o":"SESS\u00c3O SOLENE | COMENDA DO M\u00c9RITO DA EDUCA\u00c7\u00c3O PROFESSOR JOS\u00c9 OLIMAR MAGALH\u00c3ES CARNEIRO","Pauta (Arquivo)":"-","Ata (Arquivo)":"-"},{"Tipo":"Solene","N\u00famero":1,"Exerc\u00edcio":2024,"Data":"28\/11\/2024","Status":"Encerrada","Legislatura":"Legislatura (2021 - 2024)","Descri\u00e7\u00e3o":"SESS\u00c3O SOLENE | ENTREGA DAS MO\u00c7\u00d5ES DE APLAUSOS 2024","Pauta (Arquivo)":"-","Ata (Arquivo)":"-"},{"Tipo":"Ordin\u00e1ria","N\u00famero":7,"Exerc\u00edcio":2024,"Data":"25\/11\/2024","Status":"Encerrada","Legislatura":"Legislatura (2021 - 2024)","Descri\u00e7\u00e3o":"7\u00aa SESS\u00c3O ORDIN\u00c1RIA DO 2\u00ba PER\u00cdODO LEGISLATIVO 2024","Pauta (Arquivo)":"-","Ata (Arquivo)":"-"},{"Tipo":"Ordin\u00e1ria","N\u00famero":6,"Exerc\u00edcio":2024,"Data":"18\/11\/2024","Status":"Encerrada","Legislatura":"Legislatura (2021 - 2024)","Descri\u00e7\u00e3o":"6\u00aa SESS\u00c3O ORDIN\u00c1RIA DO 2\u00ba PER\u00cdODO LEGISLATIVO 2024","Pauta (Arquivo)":"-","Ata (Arquivo)":"-"},{"Tipo":"Ordin\u00e1ria","N\u00famero":5,"Exerc\u00edcio":2024,"Data":"11\/11\/2024","Status":"Encerrada","Legislatura":"Legislatura (2021 - 2024)","Descri\u00e7\u00e3o":"5\u00aa SESS\u00c3O ORDIN\u00c1RIA DO 2\u00ba PER\u00cdODO LEGISLATIVO 2024","Pauta (Arquivo)":"-","Ata (Arquivo)":"-"},{"Tipo":"Ordin\u00e1ria","N\u00famero":4,"Exerc\u00edcio":2024,"Data":"04\/11\/2024","Status":"Encerrada","Legislatura":"Legislatura (2021 - 2024)","Descri\u00e7\u00e3o":"4\u00aa SESS\u00c3O ORDIN\u00c1RIA DO 2\u00ba PER\u00cdODO LEGISLATIVO 2024","Pauta (Arquivo)":"-","Ata (Arquivo)":"-"},{"Tipo":"Extra-Ordin\u00e1ria","N\u00famero":1,"Exerc\u00edcio":2024,"Data":"30\/10\/2024","Status":"Encerrada","Legislatura":"Legislatura (2021 - 2024)","Descri\u00e7\u00e3o":"1\u00aa SESS\u00c3O EXTRAORDIN\u00c1RIA DO 2\u00ba PER\u00cdODO LEGISLATIVO 2024","Pauta (Arquivo)":"-","Ata (Arquivo)":"-"},{"Tipo":"Audi\u00eancia P\u00fablica","N\u00famero":1,"Exerc\u00edcio":2024,"Data":"25\/10\/2024","Status":"Encerrada","Legislatura":"Legislatura (2021 - 2024)","Descri\u00e7\u00e3o":"AUDI\u00caNCIA PUBLICA - LEI OR\u00c7AMENT\u00c1RIA ANUAL  - LOA 2025","Pauta (Arquivo)":"-","Ata (Arquivo)":"-"},{"Tipo":"Ordin\u00e1ria","N\u00famero":3,"Exerc\u00edcio":2024,"Data":"21\/10\/2024","Status":"Encerrada","Legislatura":"Legislatura (2021 - 2024)","Descri\u00e7\u00e3o":"3\u00aa SESS\u00c3O ORDIN\u00c1RIA DO 2\u00ba PER\u00cdODO LEGISLATIVO 2024","Pauta (Arquivo)":"-","Ata (Arquivo)":"-"},{"Tipo":"Ordin\u00e1ria","N\u00famero":2,"Exerc\u00edcio":2024,"Data":"14\/10\/2024","Status":"Encerrada","Legislatura":"Legislatura (2021 - 2024)","Descri\u00e7\u00e3o":"2\u00aa SESS\u00c3O ORDIN\u00c1RIA DO 2\u00ba PER\u00cdODO LEGISLATIVO 2024","Pauta (Arquivo)":"-","Ata (Arquivo)":"-"},{"Tipo":"Ordin\u00e1ria","N\u00famero":3,"Exerc\u00edcio":2024,"Data":"07\/10\/2024","Status":"Encerrada","Legislatura":"Legislatura (2021 - 2024)","Descri\u00e7\u00e3o":"SESS\u00c3O ORDIN\u00c1RIA DO 2\u00ba PER\u00cdODO LEGISLATIVO 2024","Pauta (Arquivo)":"-","Ata (Arquivo)":"-"},{"Tipo":"Itinerante","N\u00famero":5,"Exerc\u00edcio":2024,"Data":"16\/09\/2024","Status":"Encerrada","Legislatura":"Legislatura (2021 - 2024)","Descri\u00e7\u00e3o":"5\u00aa SESS\u00c3O ITINERANTE DO 2\u00ba PER\u00cdODO LEGISLATIVO 2024","Pauta (Arquivo)":"-","Ata (Arquivo)":"-"},{"Tipo":"Itinerante","N\u00famero":4,"Exerc\u00edcio":2024,"Data":"09\/09\/2024","Status":"Aberta","Legislatura":"Legislatura (2021 - 2024)","Descri\u00e7\u00e3o":"4\u00aa SESS\u00c3O ITINERANTE DO 2\u00ba PER\u00cdODO LEGISLATIVO 2024","Pauta (Arquivo)":"-","Ata (Arquivo)":"-"},{"Tipo":"Itinerante","N\u00famero":3,"Exerc\u00edcio":2024,"Data":"02\/09\/2024","Status":"Encerrada","Legislatura":"Legislatura (2021 - 2024)","Descri\u00e7\u00e3o":"3\u00aa SESS\u00c3O ITINERANTE DO 2\u00ba PER\u00cdODO LEGISLATIVO 2024","Pauta (Arquivo)":"-","Ata (Arquivo)":"-"},{"Tipo":"Itinerante","N\u00famero":2,"Exerc\u00edcio":2024,"Data":"26\/08\/2024","Status":"Encerrada","Legislatura":"Legislatura (2021 - 2024)","Descri\u00e7\u00e3o":"2\u00aa SESS\u00c3O ITINERANTE DO 2\u00ba PER\u00cdODO LEGISLATIVO 2024","Pauta (Arquivo)":"-","Ata (Arquivo)":"-"},{"Tipo":"Itinerante","N\u00famero":1,"Exerc\u00edcio":2024,"Data":"19\/08\/2024","Status":"Encerrada","Legislatura":"Legislatura (2021 - 2024)","Descri\u00e7\u00e3o":"1\u00aa SESS\u00c3O ITINERANTE DO 2\u00ba PER\u00cdODO LEGISLATIVO 2024","Pauta (Arquivo)":"-","Ata (Arquivo)":"-"},{"Tipo":"Ordin\u00e1ria","N\u00famero":1,"Exerc\u00edcio":2024,"Data":"05\/08\/2024","Status":"Encerrada","Legislatura":"Legislatura (2021 - 2024)","Descri\u00e7\u00e3o":"1\u00aa SESS\u00c3O ORDIN\u00c1RIA DO 2\u00ba PER\u00cdODO LEGISLATIVO 2024","Pauta (Arquivo)":"-","Ata (Arquivo)":"-"},{"Tipo":"Solene","N\u00famero":17,"Exerc\u00edcio":2024,"Data":"25\/06\/2024","Status":"Encerrada","Legislatura":"Legislatura (2021 - 2024)","Descri\u00e7\u00e3o":"SESS\u00c3O SOLENE DE ENCERRAMENTO DO PRIMEIRO PER\u00cdODO LEGISLATIVO DO QUARTO ANO DA 17\u00ba LEGISLATURA","Pauta (Arquivo)":"-","Ata (Arquivo)":"-"},{"Tipo":"Ordin\u00e1ria","N\u00famero":17,"Exerc\u00edcio":2024,"Data":"24\/06\/2024","Status":"Encerrada","Legislatura":"Legislatura (2021 - 2024)","Descri\u00e7\u00e3o":"17\u00aa SESS\u00c3O ORDIN\u00c1RIA DO PRIMEIRO PER\u00cdODO LEGISLATIVO DO QUARTO ANO DA D\u00c9CIMA S\u00c9TIMA LEGISLATURA DA C\u00c2MARA MUNICIPAL DE MERUOCA-CE.","Pauta (Arquivo)":"-","Ata (Arquivo)":"-"},{"Tipo":"Ordin\u00e1ria","N\u00famero":16,"Exerc\u00edcio":2024,"Data":"17\/06\/2024","Status":"Encerrada","Legislatura":"Legislatura (2021 - 2024)","Descri\u00e7\u00e3o":"16\u00aa SESS\u00c3O ORDIN\u00c1RIA DO PRIMEIRO PER\u00cdODO LEGISLATIVO","Pauta (Arquivo)":"-","Ata (Arquivo)":"-"},{"Tipo":"Ordin\u00e1ria","N\u00famero":15,"Exerc\u00edcio":2024,"Data":"10\/06\/2024","Status":"Encerrada","Legislatura":"Legislatura (2021 - 2024)","Descri\u00e7\u00e3o":"15\u00aa SESS\u00c3O ORDIN\u00c1RIA DO PRIMEIRO PER\u00cdODO LEGISLATIVO","Pauta (Arquivo)":"-","Ata (Arquivo)":"-"},{"Tipo":"Ordin\u00e1ria","N\u00famero":14,"Exerc\u00edcio":2024,"Data":"27\/05\/2024","Status":"Encerrada","Legislatura":"Legislatura (2021 - 2024)","Descri\u00e7\u00e3o":"14\u00aa SESS\u00c3O ORDIN\u00c1RIA DO PRIMEIRO PER\u00cdODO LEGISLATIVO","Pauta (Arquivo)":"-","Ata (Arquivo)":"-"},{"Tipo":"Ordin\u00e1ria","N\u00famero":13,"Exerc\u00edcio":2024,"Data":"20\/05\/2024","Status":"Encerrada","Legislatura":"Legislatura (2021 - 2024)","Descri\u00e7\u00e3o":"13\u00aa SESS\u00c3O ORDIN\u00c1RIA DO PRIMEIRO PER\u00cdODO LEGISLATIVO","Pauta (Arquivo)":"-","Ata (Arquivo)":"-"},{"Tipo":"Ordin\u00e1ria","N\u00famero":12,"Exerc\u00edcio":2024,"Data":"13\/05\/2024","Status":"Encerrada","Legislatura":"Legislatura (2021 - 2024)","Descri\u00e7\u00e3o":"12\u00aa SESS\u00c3O ORDIN\u00c1RIA DO PRIMEIRO PER\u00cdODO LEGISLATIVO","Pauta (Arquivo)":"-","Ata (Arquivo)":"-"},{"Tipo":"Ordin\u00e1ria","N\u00famero":11,"Exerc\u00edcio":2024,"Data":"06\/05\/2024","Status":"Encerrada","Legislatura":"Legislatura (2021 - 2024)","Descri\u00e7\u00e3o":"11\u00aa SESS\u00c3O ORDIN\u00c1RIA DO PRIMEIRO PER\u00cdODO LEGISLATIVO","Pauta (Arquivo)":"-","Ata (Arquivo)":"-"},{"Tipo":"Ordin\u00e1ria","N\u00famero":10,"Exerc\u00edcio":2024,"Data":"29\/04\/2024","Status":"Encerrada","Legislatura":"Legislatura (2021 - 2024)","Descri\u00e7\u00e3o":"10\u00aa SESS\u00c3O ORDIN\u00c1RIA DO PRIMEIRO PER\u00cdODO LEGISLATIVO","Pauta (Arquivo)":"-","Ata (Arquivo)":"-"},{"Tipo":"Solene","N\u00famero":2,"Exerc\u00edcio":2024,"Data":"29\/04\/2024","Status":"Encerrada","Legislatura":"Legislatura (2021 - 2024)","Descri\u00e7\u00e3o":"SESS\u00c3O SOLENE - ENTREGA DA MEDALHA MONSENHOR FURTADO","Pauta (Arquivo)":"-","Ata (Arquivo)":"-"},{"Tipo":"Extra-Ordin\u00e1ria","N\u00famero":1,"Exerc\u00edcio":2024,"Data":"22\/04\/2024","Status":"Aberta","Legislatura":"Legislatura (2021 - 2024)","Descri\u00e7\u00e3o":"1\u00aa SESS\u00c3O EXTRAORDIN\u00c1RIA DO PRIMEIRO PER\u00cdODO LEGISLATIVO","Pauta (Arquivo)":"-","Ata (Arquivo)":"-"},{"Tipo":"Ordin\u00e1ria","N\u00famero":9,"Exerc\u00edcio":2024,"Data":"22\/04\/2024","Status":"Encerrada","Legislatura":"Legislatura (2021 - 2024)","Descri\u00e7\u00e3o":"9\u00aa SESS\u00c3O ORDIN\u00c1RIA DO PRIMEIRO PER\u00cdODO LEGISLATIVO","Pauta (Arquivo)":"-","Ata (Arquivo)":"-"},{"Tipo":"Ordin\u00e1ria","N\u00famero":8,"Exerc\u00edcio":2024,"Data":"15\/04\/2024","Status":"Encerrada","Legislatura":"Legislatura (2021 - 2024)","Descri\u00e7\u00e3o":"8\u00aa SESS\u00c3O ORDIN\u00c1RIA DO PRIMEIRO PER\u00cdODO LEGISLATIVO","Pauta (Arquivo)":"-","Ata (Arquivo)":"-"},{"Tipo":"Ordin\u00e1ria","N\u00famero":7,"Exerc\u00edcio":2024,"Data":"08\/04\/2024","Status":"Encerrada","Legislatura":"Legislatura (2021 - 2024)","Descri\u00e7\u00e3o":"7\u00aa SESS\u00c3O ORDIN\u00c1RIA DO PRIMEIRO PER\u00cdODO LEGISLATIVO","Pauta (Arquivo)":"-","Ata (Arquivo)":"-"},{"Tipo":"Ordin\u00e1ria","N\u00famero":6,"Exerc\u00edcio":2024,"Data":"04\/04\/2024","Status":"Aberta","Legislatura":"Legislatura (2021 - 2024)","Descri\u00e7\u00e3o":"6\u00aa SESS\u00c3O ORDIN\u00c1RIA DO PRIMEIRO PER\u00cdODO LEGISLATIVO","Pauta (Arquivo)":"-","Ata (Arquivo)":"-"},{"Tipo":"Ordin\u00e1ria","N\u00famero":5,"Exerc\u00edcio":2024,"Data":"18\/03\/2024","Status":"Encerrada","Legislatura":"Legislatura (2021 - 2024)","Descri\u00e7\u00e3o":"5\u00aa SESS\u00c3O ORDIN\u00c1RIA DO PRIMEIRO PER\u00cdODO LEGISLATIVO","Pauta (Arquivo)":"-","Ata (Arquivo)":"-"},{"Tipo":"Solene","N\u00famero":1,"Exerc\u00edcio":2024,"Data":"01\/03\/2024","Status":"Encerrada","Legislatura":"Legislatura (2021 - 2024)","Descri\u00e7\u00e3o":"Homenagem p\u00f3stuma ao ex-prefeito e ex-vereador de Meruoca, Francisco Sanford Frota (Chico Sanford)","Pauta (Arquivo)":"-","Ata (Arquivo)":"-"},{"Tipo":"Solene","N\u00famero":1,"Exerc\u00edcio":2024,"Data":"01\/03\/2024","Status":"Encerrada","Legislatura":"Legislatura (2021 - 2024)","Descri\u00e7\u00e3o":"Missa de corpo presente ao ex-prefeito e ex-vereador de Meruoca, Francisco Sanford Frota","Pauta (Arquivo)":"-","Ata (Arquivo)":"-"},{"Tipo":"Ordin\u00e1ria","N\u00famero":3,"Exerc\u00edcio":2024,"Data":"26\/02\/2024","Status":"Encerrada","Legislatura":"Legislatura (2021 - 2024)","Descri\u00e7\u00e3o":"3\u00aa SESS\u00c3O ORDIN\u00c1RIA DO PRIMEIRO PER\u00cdODO LEGISLATIVO","Pauta (Arquivo)":"-","Ata (Arquivo)":"-"},{"Tipo":"Ordin\u00e1ria","N\u00famero":2,"Exerc\u00edcio":2024,"Data":"19\/02\/2024","Status":"Encerrada","Legislatura":"Legislatura (2021 - 2024)","Descri\u00e7\u00e3o":"2\u00aa SESS\u00c3O ORDIN\u00c1RIA DO PRIMEIRO PER\u00cdODO LEGISLATIVO","Pauta (Arquivo)":"-","Ata (Arquivo)":"-"},{"Tipo":"Solene","N\u00famero":0,"Exerc\u00edcio":2024,"Data":"05\/02\/2024","Status":"Encerrada","Legislatura":"Legislatura (2021 - 2024)","Descri\u00e7\u00e3o":"SESS\u00c3O SOLENE  DE ABERTURA","Pauta (Arquivo)":"-","Ata (Arquivo)":"-"},{"Tipo":"Ordin\u00e1ria","N\u00famero":1,"Exerc\u00edcio":2024,"Data":"05\/02\/2024","Status":"Encerrada","Legislatura":"Legislatura (2021 - 2024)","Descri\u00e7\u00e3o":"1\u00aa SESS\u00c3O ORDIN\u00c1RIA DO PRIMEIRO PER\u00cdODO LEGISLATIVO","Pauta (Arquivo)":"-","Ata (Arquivo)":"-"},{"Tipo":"Ordin\u00e1ria","N\u00famero":4,"Exerc\u00edcio":2024,"Data":"04\/03\/2023","Status":"Encerrada","Legislatura":"Legislatura (2021 - 2024)","Descri\u00e7\u00e3o":"4\u00aa SESS\u00c3O ORDIN\u00c1RIA DO PRIMEIRO PER\u00cdODO LEGISLATIVO","Pauta (Arquivo)":"-","Ata (Arquivo)":"-"},{"Tipo":"Solene","N\u00famero":2,"Exerc\u00edcio":2023,"Data":"12\/12\/2023","Status":"Encerrada","Legislatura":"Legislatura (2021 - 2024)","Descri\u00e7\u00e3o":"SESS\u00c3O SOLENE -  MO\u00c7\u00c3O DE APLAUSOS E ENCERRAMENTO DO PER\u00cdODO LEGISLATIVO","Pauta (Arquivo)":"-","Ata (Arquivo)":"-"},{"Tipo":"Solene","N\u00famero":1,"Exerc\u00edcio":2023,"Data":"11\/12\/2023","Status":"Encerrada","Legislatura":"Legislatura (2021 - 2024)","Descri\u00e7\u00e3o":"SESS\u00c3O SOLENE MO\u00c7\u00c3O DE APLAUSO","Pauta (Arquivo)":"-","Ata (Arquivo)":"-"},{"Tipo":"Ordin\u00e1ria","N\u00famero":12,"Exerc\u00edcio":2023,"Data":"04\/12\/2023","Status":"Encerrada","Legislatura":"Legislatura (2021 - 2024)","Descri\u00e7\u00e3o":"12\u00aa SESS\u00c3O ORDIN\u00c1RIA DO SEGUNDO PER\u00cdODO LEGISLATIVO DO TERCEIRO ANO DA D\u00c9CIMA S\u00c9TIMA LEGISLATURA DA C\u00c2MARA MUNICIPAL DE MERUOCA-CE.","Pauta (Arquivo)":"-","Ata (Arquivo)":"-"},{"Tipo":"Itinerante","N\u00famero":9,"Exerc\u00edcio":2023,"Data":"27\/11\/2023","Status":"Encerrada","Legislatura":"Legislatura (2021 - 2024)","Descri\u00e7\u00e3o":"SESS\u00c3O ITINERANTE - DISTRITO DE PALESTINA","Pauta (Arquivo)":"-","Ata (Arquivo)":"-"},{"Tipo":"Ordin\u00e1ria","N\u00famero":11,"Exerc\u00edcio":2023,"Data":"20\/11\/2023","Status":"Encerrada","Legislatura":"Legislatura (2021 - 2024)","Descri\u00e7\u00e3o":"11\u00aa SESS\u00c3O ORDIN\u00c1RIA DO SEGUNDO PER\u00cdODO LEGISLATIVO DO TERCEIRO ANO DA D\u00c9CIMA S\u00c9TIMA LEGISLATURA DA C\u00c2MARA MUNICIPAL DE MERUOCA-CE.","Pauta (Arquivo)":"-","Ata (Arquivo)":"-"},{"Tipo":"Solene","N\u00famero":6,"Exerc\u00edcio":2023,"Data":"20\/11\/2023","Status":"Encerrada","Legislatura":"Legislatura (2021 - 2024)","Descri\u00e7\u00e3o":"SESS\u00c3O SOLENE TITULO DE CIDAD\u00c3O MERUOQUENSE","Pauta (Arquivo)":"-","Ata (Arquivo)":"-"},{"Tipo":"Solene","N\u00famero":0,"Exerc\u00edcio":2023,"Data":"16\/11\/2023","Status":"Encerrada","Legislatura":"Legislatura (2021 - 2024)","Descri\u00e7\u00e3o":"SESS\u00c3O SOLENE COMENDA EMPREENDEDOR DO ANO","Pauta (Arquivo)":"-","Ata (Arquivo)":"-"},{"Tipo":"Ordin\u00e1ria","N\u00famero":10,"Exerc\u00edcio":2023,"Data":"06\/11\/2023","Status":"Encerrada","Legislatura":"Legislatura (2021 - 2024)","Descri\u00e7\u00e3o":"10\u00aa SESS\u00c3O ORDIN\u00c1RIA DO SEGUNDO PER\u00cdODO LEGISLATIVO DO TERCEIRO ANO DA D\u00c9CIMA S\u00c9TIMA LEGISLATURA DA C\u00c2MARA MUNICIPAL DE MERUOCA-CE.","Pauta (Arquivo)":"-","Ata (Arquivo)":"-"},{"Tipo":"Extra-Ordin\u00e1ria","N\u00famero":2,"Exerc\u00edcio":2023,"Data":"30\/10\/2023","Status":"Encerrada","Legislatura":"Legislatura (2021 - 2024)","Descri\u00e7\u00e3o":"2\u00aa SESS\u00c3O EXTRAORDIN\u00c1RIA DO SEGUNDO PER\u00cdODO LEGISLATIVO DO TERCEIRO ANO DA D\u00c9CIMA S\u00c9TIMA LEGISLATURA DA C\u00c2MARA MUNICIPAL DE MERUOCA-CE.","Pauta (Arquivo)":"-","Ata (Arquivo)":"-"},{"Tipo":"Itinerante","N\u00famero":3,"Exerc\u00edcio":2023,"Data":"30\/10\/2023","Status":"Encerrada","Legislatura":"Legislatura (2021 - 2024)","Descri\u00e7\u00e3o":"SESS\u00c3O ITINERANTE - DISTRITO DE CAMILO DO SEGUNDO PER\u00cdODO LEGISLATIVO DO TERCEIRO ANO DA D\u00c9CIMA S\u00c9TIMA LEGISLATURA DA C\u00c2MARA MUNICIPAL DE MERUOCA-CE.","Pauta (Arquivo)":"-","Ata (Arquivo)":"-"},{"Tipo":"Extra-Ordin\u00e1ria","N\u00famero":2,"Exerc\u00edcio":2023,"Data":"30\/10\/2023","Status":"Encerrada","Legislatura":"Legislatura (2021 - 2024)","Descri\u00e7\u00e3o":"2\u00aa SESS\u00c3O EXTRAORDIN\u00c1RIA DO SEGUNDO PER\u00cdODO LEGISLATIVO DO TERCEIRO ANO DA D\u00c9CIMA S\u00c9TIMA LEGISLATURA DA C\u00c2MARA MUNICIPAL DE MERUOCA-CE.","Pauta (Arquivo)":"-","Ata (Arquivo)":"-"},{"Tipo":"Itinerante","N\u00famero":1,"Exerc\u00edcio":2023,"Data":"30\/10\/2023","Status":"Encerrada","Legislatura":"Legislatura (2021 - 2024)","Descri\u00e7\u00e3o":"SESS\u00c3O ITINERANTE - DISTRITO DE CAMILO DO SEGUNDO PER\u00cdODO LEGISLATIVO DO TERCEIRO ANO DA D\u00c9CIMA S\u00c9TIMA LEGISLATURA DA C\u00c2MARA MUNICIPAL DE MERUOCA-CE.","Pauta (Arquivo)":"-","Ata (Arquivo)":"-"},{"Tipo":"Itinerante","N\u00famero":1,"Exerc\u00edcio":2023,"Data":"30\/10\/2023","Status":"Encerrada","Legislatura":"Legislatura (2021 - 2024)","Descri\u00e7\u00e3o":"SESS\u00c3O ITINERANTE - DISTRITO DE CAMILO DO SEGUNDO PER\u00cdODO LEGISLATIVO DO TERCEIRO ANO DA D\u00c9CIMA S\u00c9TIMA LEGISLATURA DA C\u00c2MARA MUNICIPAL DE MERUOCA-CE.","Pauta (Arquivo)":"-","Ata (Arquivo)":"-"},{"Tipo":"Ordin\u00e1ria","N\u00famero":9,"Exerc\u00edcio":2023,"Data":"23\/10\/2023","Status":"Encerrada","Legislatura":"Legislatura (2021 - 2024)","Descri\u00e7\u00e3o":"9\u00aa SESS\u00c3O ORDIN\u00c1RIA DO SEGUNDO PER\u00cdODO LEGISLATIVO","Pauta (Arquivo)":"-","Ata (Arquivo)":"-"},{"Tipo":"Solene","N\u00famero":9,"Exerc\u00edcio":2023,"Data":"23\/10\/2023","Status":"Encerrada","Legislatura":"Legislatura (2021 - 2024)","Descri\u00e7\u00e3o":"ENTREGA DA COMENDA MUNICIPAL DO M\u00c9RITO EM EDUCA\u00c7\u00c3O","Pauta (Arquivo)":"-","Ata (Arquivo)":"-"},{"Tipo":"Sess\u00e3o Especial","N\u00famero":1,"Exerc\u00edcio":2023,"Data":"23\/10\/2023","Status":"Encerrada","Legislatura":"Legislatura (2021 - 2024)","Descri\u00e7\u00e3o":"ENTREGA DA COMENDA MUNICIPAL DO M\u00c9RITO EM EDUCA\u00c7\u00c3O PROFESSOR JOS\u00c9 OLIMAR MAGALH\u00c3ES CARNEIRO","Pauta (Arquivo)":"-","Ata (Arquivo)":"-"},{"Tipo":"Abertura de per\u00edodo Legislativo","N\u00famero":9,"Exerc\u00edcio":2023,"Data":"23\/10\/2023","Status":"Encerrada","Legislatura":"Legislatura (2021 - 2024)","Descri\u00e7\u00e3o":"9\u00aa SESS\u00c3O ORDIN\u00c1RIA DO SEGUNDO PER\u00cdODO LEGISLATIVO DO TERCEIRO ANO DA D\u00c9CIMA S\u00c9TIMA LEGISLATURA DA C\u00c2MARA MUNICIPAL DE MERUOCA-CE.","Pauta (Arquivo)":"-","Ata (Arquivo)":"-"},{"Tipo":"Sess\u00e3o Especial","N\u00famero":1,"Exerc\u00edcio":2023,"Data":"23\/10\/2023","Status":"Encerrada","Legislatura":"Legislatura (2021 - 2024)","Descri\u00e7\u00e3o":"ENTREGA DA COMENDA MUNICIPAL DO M\u00c9RITO EM EDUCA\u00c7\u00c3O PROFESSOR JOS\u00c9 OLIMAR MAGALH\u00c3ES CARNEIRO","Pauta (Arquivo)":"-","Ata (Arquivo)":"-"},{"Tipo":"Audi\u00eancia P\u00fablica","N\u00famero":1,"Exerc\u00edcio":2023,"Data":"20\/10\/2023","Status":"Encerrada","Legislatura":"Legislatura (2021 - 2024)","Descri\u00e7\u00e3o":"AUDI\u00caNCIA P\u00daBLICA - ANALISE DA LEI ORCAMENT\u00c1RIA ANUAL - LOA 2024","Pauta (Arquivo)":"-","Ata (Arquivo)":"-"},{"Tipo":"Audi\u00eancia P\u00fablica","N\u00famero":0,"Exerc\u00edcio":2023,"Data":"20\/10\/2023","Status":"Encerrada","Legislatura":"Legislatura (2021 - 2024)","Descri\u00e7\u00e3o":"AUDI\u00caNCIA P\u00daBLICA - ANALISE DA LEI ORCAMENT\u00c1RIA ANUAL - LOA 2024","Pauta (Arquivo)":"-","Ata (Arquivo)":"-"},{"Tipo":"Ordin\u00e1ria","N\u00famero":8,"Exerc\u00edcio":2023,"Data":"16\/10\/2023","Status":"Encerrada","Legislatura":"Legislatura (2021 - 2024)","Descri\u00e7\u00e3o":"8\u00aa SESS\u00c3O ORDIN\u00c1RIA DO SEGUNDO PER\u00cdODO LEGISLATIVO","Pauta (Arquivo)":"-","Ata (Arquivo)":"-"},{"Tipo":"Ordin\u00e1ria","N\u00famero":8,"Exerc\u00edcio":2023,"Data":"16\/10\/2023","Status":"Encerrada","Legislatura":"Legislatura (2021 - 2024)","Descri\u00e7\u00e3o":"8\u00aa SESS\u00c3O ORDIN\u00c1RIA DO SEGUNDO PER\u00cdODO LEGISLATIVO DO TERCEIRO ANO DA D\u00c9CIMA S\u00c9TIMA LEGISLATURA DA C\u00c2MARA MUNICIPAL DE MERUOCA-CE.","Pauta (Arquivo)":"-","Ata (Arquivo)":"-"},{"Tipo":"Ordin\u00e1ria","N\u00famero":7,"Exerc\u00edcio":2023,"Data":"09\/10\/2023","Status":"Encerrada","Legislatura":"Legislatura (2021 - 2024)","Descri\u00e7\u00e3o":"7\u00aa SESS\u00c3O ORDIN\u00c1RIA DO SEGUNDO PER\u00cdODO LEGISLATIVO DO TERCEIRO ANO DA D\u00c9CIMA S\u00c9TIMA LEGISLATURA DA C\u00c2MARA MUNICIPAL DE MERUOCA-CE.","Pauta (Arquivo)":"-","Ata (Arquivo)":"-"},{"Tipo":"Ordin\u00e1ria","N\u00famero":7,"Exerc\u00edcio":2023,"Data":"09\/10\/2023","Status":"Encerrada","Legislatura":"Legislatura (2021 - 2024)","Descri\u00e7\u00e3o":"7\u00aa SESS\u00c3O ORDIN\u00c1RIA DO SEGUNDO PER\u00cdODO LEGISLATIVO DO TERCEIRO ANO DA D\u00c9CIMA S\u00c9TIMA LEGISLATURA DA C\u00c2MARA MUNICIPAL DE MERUOCA-CE.","Pauta (Arquivo)":"-","Ata (Arquivo)":"-"},{"Tipo":"Itinerante","N\u00famero":2,"Exerc\u00edcio":2023,"Data":"25\/09\/2023","Status":"Encerrada","Legislatura":"Legislatura (2021 - 2024)","Descri\u00e7\u00e3o":"2\u00aa SESS\u00c3O ITINERANTE DO SEGUNDO PER\u00cdODO LEGISLATIVO DO TERCEIRO ANO DA D\u00c9CIMA S\u00c9TIMA LEGISLATURA DA C\u00c2MARA MUNICIPAL DE MERUOCA-CE.","Pauta (Arquivo)":"-","Ata (Arquivo)":"-"},{"Tipo":"Ordin\u00e1ria","N\u00famero":6,"Exerc\u00edcio":2023,"Data":"18\/09\/2023","Status":"Encerrada","Legislatura":"Legislatura (2021 - 2024)","Descri\u00e7\u00e3o":"6\u00aa SESS\u00c3O ORDIN\u00c1RIA DO SEGUNDO PER\u00cdODO LEGISLATIVO DO TERCEIRO ANO DA D\u00c9CIMA S\u00c9TIMA LEGISLATURA DA C\u00c2MARA MUNICIPAL DE MERUOCA-CE.","Pauta (Arquivo)":"-","Ata (Arquivo)":"-"},{"Tipo":"Solene","N\u00famero":1,"Exerc\u00edcio":2023,"Data":"18\/09\/2023","Status":"Encerrada","Legislatura":"Legislatura (2021 - 2024)","Descri\u00e7\u00e3o":"SESS\u00c3O SOLENE EM ALUS\u00c3O AO DIA DA MULHER MERUOQUENSE","Pauta (Arquivo)":"-","Ata (Arquivo)":"-"},{"Tipo":"Ordin\u00e1ria","N\u00famero":5,"Exerc\u00edcio":2023,"Data":"11\/09\/2023","Status":"Encerrada","Legislatura":"Legislatura (2021 - 2024)","Descri\u00e7\u00e3o":"5\u00aa SESS\u00c3O ORDIN\u00c1RIA DO SEGUNDO PER\u00cdODO LEGISLATIVO","Pauta (Arquivo)":"-","Ata (Arquivo)":"-"},{"Tipo":"Ordin\u00e1ria","N\u00famero":4,"Exerc\u00edcio":2023,"Data":"04\/09\/2023","Status":"Encerrada","Legislatura":"Legislatura (2021 - 2024)","Descri\u00e7\u00e3o":"4\u00aa SESS\u00c3O ORDIN\u00c1RIA DO SEGUNDO PER\u00cdODO LEGISLATIVO DO TERCEIRO ANO DA D\u00c9CIMA S\u00c9TIMA LEGISLATURA DA C\u00c2MARA MUNICIPAL DE MERUOCA-CE.","Pauta (Arquivo)":"-","Ata (Arquivo)":"-"},{"Tipo":"Itinerante","N\u00famero":1,"Exerc\u00edcio":2023,"Data":"28\/08\/2023","Status":"Encerrada","Legislatura":"Legislatura (2021 - 2024)","Descri\u00e7\u00e3o":"1\u00aa SESS\u00c3O ITINERANTE DO SEGUNDO PER\u00cdODO LEGISLATIVO DO TERCEIRO ANO DA D\u00c9CIMA S\u00c9TIMA LEGISLATURA DA C\u00c2MARA MUNICIPAL DE MERUOCA-CE.","Pauta (Arquivo)":"-","Ata (Arquivo)":"-"},{"Tipo":"Solene","N\u00famero":0,"Exerc\u00edcio":2023,"Data":"21\/08\/2023","Status":"Encerrada","Legislatura":"Legislatura (2021 - 2024)","Descri\u00e7\u00e3o":"SESS\u00c3O SOLENE EM ALUS\u00c3O AO DIA DA JUVENTUDE","Pauta (Arquivo)":"-","Ata (Arquivo)":"-"},{"Tipo":"Ordin\u00e1ria","N\u00famero":3,"Exerc\u00edcio":2023,"Data":"21\/08\/2023","Status":"Encerrada","Legislatura":"Legislatura (2021 - 2024)","Descri\u00e7\u00e3o":"3\u00aa SESS\u00c3O ORDIN\u00c1RIA DO SEGUNDO PER\u00cdODO LEGISLATIVO DO TERCEIRO ANO DA D\u00c9CIMA S\u00c9TIMA LEGISLATURA DA C\u00c2MARA MUNICIPAL DE MERUOCA-CE.","Pauta (Arquivo)":"-","Ata (Arquivo)":"-"},{"Tipo":"Ordin\u00e1ria","N\u00famero":2,"Exerc\u00edcio":2023,"Data":"14\/08\/2023","Status":"Encerrada","Legislatura":"Legislatura (2021 - 2024)","Descri\u00e7\u00e3o":"2\u00aa SESS\u00c3O ORDIN\u00c1RIA DO SEGUNDO PER\u00cdODO LEGISLATIVO DO TERCEIRO ANO DA D\u00c9CIMA S\u00c9TIMA LEGISLATURA DA C\u00c2MARA MUNICIPAL DE MERUOCA-CE.","Pauta (Arquivo)":"-","Ata (Arquivo)":"-"},{"Tipo":"Ordin\u00e1ria","N\u00famero":1,"Exerc\u00edcio":2023,"Data":"07\/08\/2023","Status":"Encerrada","Legislatura":"Legislatura (2021 - 2024)","Descri\u00e7\u00e3o":"1\u00aa SESS\u00c3O ORDIN\u00c1RIA DO SEGUNDO PER\u00cdODO LEGISLATIVO","Pauta (Arquivo)":"-","Ata (Arquivo)":"-"},{"Tipo":"Solene","N\u00famero":1,"Exerc\u00edcio":2023,"Data":"07\/08\/2023","Status":"Encerrada","Legislatura":"Legislatura (2021 - 2024)","Descri\u00e7\u00e3o":"SESS\u00c3O SOLENE DE ABERTURA DO SEGUNDO PER\u00cdODO LEGISLATIVO DO TERCEIRO ANO DA 17\u00ba LEGISLATURA DA C\u00c2MARA MUNICIPAL DE MERUOCA.","Pauta (Arquivo)":"-","Ata (Arquivo)":"-"},{"Tipo":"Itinerante","N\u00famero":1,"Exerc\u00edcio":2023,"Data":"26\/06\/2023","Status":"Encerrada","Legislatura":"Legislatura (2021 - 2024)","Descri\u00e7\u00e3o":"01\u00aa SESS\u00c3O ITINERANTE DO PRIMEIRO PER\u00cdODO LEGISLATIVO DISTRITO DE ANIL","Pauta (Arquivo)":"-","Ata (Arquivo)":"-"},{"Tipo":"Solene","N\u00famero":1,"Exerc\u00edcio":2023,"Data":"26\/06\/2023","Status":"Encerrada","Legislatura":"Legislatura (2021 - 2024)","Descri\u00e7\u00e3o":"SESS\u00c3O SOLENE DE ENCERRAMENTO DO PRIMEIRO PER\u00cdODO LEGISLATIVO","Pauta (Arquivo)":"-","Ata (Arquivo)":"-"},{"Tipo":"Audi\u00eancia P\u00fablica","N\u00famero":1,"Exerc\u00edcio":2023,"Data":"22\/06\/2023","Status":"Encerrada","Legislatura":"Legislatura (2021 - 2024)","Descri\u00e7\u00e3o":"AUDI\u00caNCIA P\u00daBLICA - PREVEN\u00c7\u00c3O E MEDIDAS DE SEGURAN\u00c7A NAS ESCOLAS DO MUNIC\u00cdPIO DE MERUOCA","Pauta (Arquivo)":"-","Ata (Arquivo)":"-"},{"Tipo":"Ordin\u00e1ria","N\u00famero":1,"Exerc\u00edcio":2023,"Data":"19\/06\/2023","Status":"Encerrada","Legislatura":"Legislatura (2021 - 2024)","Descri\u00e7\u00e3o":"17\u00aa SESS\u00c3O ORDIN\u00c1RIA DO PRIMEIRO PER\u00cdODO LEGISLATIVO","Pauta (Arquivo)":"-","Ata (Arquivo)":"-"},{"Tipo":"Sess\u00e3o Especial","N\u00famero":1,"Exerc\u00edcio":2023,"Data":"17\/06\/2023","Status":"Encerrada","Legislatura":"Legislatura (2021 - 2024)","Descri\u00e7\u00e3o":"I F\u00d3RUM ACAD\u00caMICO DA ADMINISTRA\u00c7\u00c3O P\u00daBLICA - PESQUISA, OR\u00c7AMENTO E GEST\u00c3O PARTICIPATIVA","Pauta (Arquivo)":"-","Ata (Arquivo)":"-"},{"Tipo":"Audi\u00eancia P\u00fablica","N\u00famero":1,"Exerc\u00edcio":2023,"Data":"13\/06\/2023","Status":"Encerrada","Legislatura":"Legislatura (2021 - 2024)","Descri\u00e7\u00e3o":"AUDI\u00caNCIA P\u00daBLICA - LEI DE RESPONSABILIDADE FISCAL (LRF)","Pauta (Arquivo)":"-","Ata (Arquivo)":"-"},{"Tipo":"Ordin\u00e1ria","N\u00famero":1,"Exerc\u00edcio":2023,"Data":"12\/06\/2023","Status":"Encerrada","Legislatura":"Legislatura (2021 - 2024)","Descri\u00e7\u00e3o":"16\u00aa SESS\u00c3O ORDIN\u00c1RIA DO PRIMEIRO PER\u00cdODO LEGISLATIVO","Pauta (Arquivo)":"-","Ata (Arquivo)":"-"},{"Tipo":"Audi\u00eancia P\u00fablica","N\u00famero":1,"Exerc\u00edcio":2023,"Data":"30\/05\/2023","Status":"Encerrada","Legislatura":"Legislatura (2021 - 2024)","Descri\u00e7\u00e3o":"AUDI\u00caNCIA P\u00daBLICA - CULTURA | RECURSOS DA LEI ALDIR BLANC E DA LEI PAULO GUSTAVO","Pauta (Arquivo)":"-","Ata (Arquivo)":"-"},{"Tipo":"Ordin\u00e1ria","N\u00famero":1,"Exerc\u00edcio":2023,"Data":"29\/05\/2023","Status":"Encerrada","Legislatura":"Legislatura (2021 - 2024)","Descri\u00e7\u00e3o":"15\u00aa SESS\u00c3O ORDIN\u00c1RIA DO PRIMEIRO PER\u00cdODO LEGISLATIVO DO TERCEIRO ANO DA D\u00c9CIMA\r\nS\u00c9TIMA LEGISLATURA DA C\u00c2MARA MUNICIPAL DE MERUOCA-CE.","Pauta (Arquivo)":"-","Ata (Arquivo)":"-"},{"Tipo":"Ordin\u00e1ria","N\u00famero":1,"Exerc\u00edcio":2023,"Data":"22\/05\/2023","Status":"Encerrada","Legislatura":"Legislatura (2021 - 2024)","Descri\u00e7\u00e3o":"14\u00aa SESS\u00c3O ORDIN\u00c1RIA DO PRIMEIRO PER\u00cdODO LEGISLATIVO","Pauta (Arquivo)":"-","Ata (Arquivo)":"-"},{"Tipo":"Ordin\u00e1ria","N\u00famero":1,"Exerc\u00edcio":2023,"Data":"15\/05\/2023","Status":"Encerrada","Legislatura":"Legislatura (2021 - 2024)","Descri\u00e7\u00e3o":"13\u00aa SESS\u00c3O ORDIN\u00c1RIA DO PRIMEIRO PER\u00cdODO LEGISLATIVO","Pauta (Arquivo)":"-","Ata (Arquivo)":"-"},{"Tipo":"Ordin\u00e1ria","N\u00famero":1,"Exerc\u00edcio":2023,"Data":"08\/05\/2023","Status":"Encerrada","Legislatura":"Legislatura (2021 - 2024)","Descri\u00e7\u00e3o":"12\u00aa SESS\u00c3O ORDIN\u00c1RIA DO PRIMEIRO PER\u00cdODO LEGISLATIVO","Pauta (Arquivo)":"-","Ata (Arquivo)":"-"},{"Tipo":"Ordin\u00e1ria","N\u00famero":1,"Exerc\u00edcio":2023,"Data":"24\/04\/2023","Status":"Encerrada","Legislatura":"Legislatura (2021 - 2024)","Descri\u00e7\u00e3o":"11\u00aa SESS\u00c3O ORDIN\u00c1RIA DO PRIMEIRO PER\u00cdODO LEGISLATIVO DO TERCEIRO ANO DA D\u00c9CIMA\r\nS\u00c9TIMA LEGISLATURA DA C\u00c2MARA MUNICIPAL DE MERUOCA-CE.\r\nVer menos","Pauta (Arquivo)":"-","Ata (Arquivo)":"-"},{"Tipo":"Ordin\u00e1ria","N\u00famero":1,"Exerc\u00edcio":2023,"Data":"17\/04\/2023","Status":"Encerrada","Legislatura":"Legislatura (2021 - 2024)","Descri\u00e7\u00e3o":"10\u00aa SESS\u00c3O ORDIN\u00c1RIA DO PRIMEIRO PER\u00cdODO LEGISLATIVO DO TERCEIRO ANO DA D\u00c9CIMA\r\nS\u00c9TIMA LEGISLATURA DA C\u00c2MARA MUNICIPAL DE MERUOCA-CE.","Pauta (Arquivo)":"-","Ata (Arquivo)":"-"},{"Tipo":"Ordin\u00e1ria","N\u00famero":1,"Exerc\u00edcio":2023,"Data":"10\/04\/2023","Status":"Encerrada","Legislatura":"Legislatura (2021 - 2024)","Descri\u00e7\u00e3o":"9\u00aa SESS\u00c3O ORDIN\u00c1RIA DO PRIMEIRO PER\u00cdODO LEGISLATIVO","Pauta (Arquivo)":"-","Ata (Arquivo)":"-"},{"Tipo":"Ordin\u00e1ria","N\u00famero":1,"Exerc\u00edcio":2023,"Data":"03\/04\/2023","Status":"Encerrada","Legislatura":"Legislatura (2021 - 2024)","Descri\u00e7\u00e3o":"8\u00aa SESS\u00c3O ORDIN\u00c1RIA DO PRIMEIRO PER\u00cdODO LEGISLATIVO DO TERCEIRO ANO DA D\u00c9CIMA\r\nS\u00c9TIMA LEGISLATURA DA C\u00c2MARA MUNICIPAL DE MERUOCA-CE.","Pauta (Arquivo)":"-","Ata (Arquivo)":"-"},{"Tipo":"Ordin\u00e1ria","N\u00famero":1,"Exerc\u00edcio":2023,"Data":"27\/03\/2023","Status":"Encerrada","Legislatura":"Legislatura (2021 - 2024)","Descri\u00e7\u00e3o":"7\u00aa SESS\u00c3O ORDIN\u00c1RIA DO PRIMEIRO PER\u00cdODO LEGISLATIVO","Pauta (Arquivo)":"-","Ata (Arquivo)":"-"},{"Tipo":"Audi\u00eancia P\u00fablica","N\u00famero":1,"Exerc\u00edcio":2023,"Data":"22\/03\/2023","Status":"Encerrada","Legislatura":"Legislatura (2021 - 2024)","Descri\u00e7\u00e3o":"AUDI\u00caNCIA P\u00daBLICA - REFORMA DO EST\u00c1DIO MUNICIPAL","Pauta (Arquivo)":"-","Ata (Arquivo)":"-"},{"Tipo":"Ordin\u00e1ria","N\u00famero":6,"Exerc\u00edcio":2023,"Data":"20\/03\/2023","Status":"Encerrada","Legislatura":"Legislatura (2021 - 2024)","Descri\u00e7\u00e3o":"6\u00aa SESS\u00c3O ORDIN\u00c1RIA DO PRIMEIRO PER\u00cdODO LEGISLATIVO DO TERCEIRO ANO DA D\u00c9CIMA\r\nS\u00c9TIMA LEGISLATURA DA C\u00c2MARA MUNICIPAL DE MERUOCA-CE.","Pauta (Arquivo)":"-","Ata (Arquivo)":"-"},{"Tipo":"Ordin\u00e1ria","N\u00famero":5,"Exerc\u00edcio":2023,"Data":"13\/03\/2023","Status":"Encerrada","Legislatura":"Legislatura (2021 - 2024)","Descri\u00e7\u00e3o":"5\u00aa SESS\u00c3O ORDIN\u00c1RIA DO PRIMEIRO PER\u00cdODO LEGISLATIVO DO TERCEIRO ANO DA D\u00c9CIMA\r\nS\u00c9TIMA LEGISLATURA DA C\u00c2MARA MUNICIPAL DE MERUOCA-CE.","Pauta (Arquivo)":"-","Ata (Arquivo)":"-"},{"Tipo":"Solene","N\u00famero":2,"Exerc\u00edcio":2023,"Data":"13\/03\/2023","Status":"Encerrada","Legislatura":"Legislatura (2021 - 2024)","Descri\u00e7\u00e3o":"SESS\u00c3O SOLENE DE ENTREGA DA COMENDA MEDALHA MONSENHOR FURTADO CAVALCANTE","Pauta (Arquivo)":"-","Ata (Arquivo)":"-"},{"Tipo":"Ordin\u00e1ria","N\u00famero":4,"Exerc\u00edcio":2023,"Data":"06\/03\/2023","Status":"Encerrada","Legislatura":"Legislatura (2021 - 2024)","Descri\u00e7\u00e3o":"4\u00aa SESS\u00c3O ORDIN\u00c1RIA DO PRIMEIRO PER\u00cdODO LEGISLATIVO DO TERCEIRO ANO DA D\u00c9CIMA\r\nS\u00c9TIMA LEGISLATURA DA C\u00c2MARA MUNICIPAL DE MERUOCA-CE.","Pauta (Arquivo)":"-","Ata (Arquivo)":"-"},{"Tipo":"Ordin\u00e1ria","N\u00famero":3,"Exerc\u00edcio":2023,"Data":"27\/02\/2023","Status":"Encerrada","Legislatura":"Legislatura (2021 - 2024)","Descri\u00e7\u00e3o":"3\u00aa SESS\u00c3O ORDIN\u00c1RIA DO PRIMEIRO PER\u00cdODO LEGISLATIVO DO TERCEIRO ANO DA D\u00c9CIMA\r\nS\u00c9TIMA LEGISLATURA DA C\u00c2MARA MUNICIPAL DE MERUOCA-CE.","Pauta (Arquivo)":"-","Ata (Arquivo)":"-"},{"Tipo":"Ordin\u00e1ria","N\u00famero":2,"Exerc\u00edcio":2023,"Data":"13\/02\/2023","Status":"Encerrada","Legislatura":"Legislatura (2021 - 2024)","Descri\u00e7\u00e3o":"2\u00aa SESS\u00c3O ORDIN\u00c1RIA DO PRIMEIRO PER\u00cdODO LEGISLATIVO DO TERCEIRO ANO DA D\u00c9CIMA\r\nS\u00c9TIMA LEGISLATURA DA C\u00c2MARA MUNICIPAL DE MERUOCA-CE.","Pauta (Arquivo)":"-","Ata (Arquivo)":"-"},{"Tipo":"Solene","N\u00famero":1,"Exerc\u00edcio":2023,"Data":"06\/02\/2023","Status":"Encerrada","Legislatura":"Legislatura (2021 - 2024)","Descri\u00e7\u00e3o":"1\u00aa SESS\u00c3O SOLENE DO 1\u00ba PER\u00cdODO LEGISLATIVO","Pauta (Arquivo)":"-","Ata (Arquivo)":"-"},{"Tipo":"Ordin\u00e1ria","N\u00famero":1,"Exerc\u00edcio":2023,"Data":"06\/02\/2023","Status":"Encerrada","Legislatura":"Legislatura (2021 - 2024)","Descri\u00e7\u00e3o":"1\u00aa SESS\u00c3O ORDIN\u00c1RIA DO PRIMEIRO PER\u00cdODO LEGISLATIVO DO TERCEIRO ANO DA D\u00c9CIMA\r\nS\u00c9TIMA LEGISLATURA DA C\u00c2MARA MUNICIPAL DE MERUOCA-CE.","Pauta (Arquivo)":"-","Ata (Arquivo)":"-"},{"Tipo":"Extra-Ordin\u00e1ria","N\u00famero":1,"Exerc\u00edcio":2023,"Data":"23\/01\/2023","Status":"Encerrada","Legislatura":"Legislatura (2021 - 2024)","Descri\u00e7\u00e3o":"1\u00aa SESS\u00c3O EXTRAORDIN\u00c1RIA DO 2\u00ba PER\u00cdODO LEGISLATIVO","Pauta (Arquivo)":"-","Ata (Arquivo)":"-"},{"Tipo":"Abertura de per\u00edodo Legislativo","N\u00famero":1,"Exerc\u00edcio":2023,"Data":"01\/01\/2023","Status":"Encerrada","Legislatura":"Legislatura (2021 - 2024)","Descri\u00e7\u00e3o":"SESS\u00c3O SOLENE DE POSSE DA NOVA MESA DIRETORA PARA O BI\u00caNIO 2023-2024 E ABERTURA DO PER\u00cdODO LEGISLATIVO.","Pauta (Arquivo)":"-","Ata (Arquivo)":"-"},{"Tipo":"Ordin\u00e1ria","N\u00famero":13,"Exerc\u00edcio":2022,"Data":"02\/05\/2022","Status":"Encerrada","Legislatura":"Legislatura (2021 - 2024)","Descri\u00e7\u00e3o":"13\u00aa Sess\u00e3o Ordin\u00e1ria do 2\u00ba ano do 1\u00ba Per\u00edodo da 17\u00aa Legislatura","Pauta (Arquivo)":"-","Ata (Arquivo)":"-"},{"Tipo":"Ordin\u00e1ria","N\u00famero":12,"Exerc\u00edcio":2022,"Data":"25\/04\/2022","Status":"Encerrada","Legislatura":"Legislatura (2021 - 2024)","Descri\u00e7\u00e3o":"12\u00aa Sess\u00e3o Ordin\u00e1ria do 2\u00ba ano do 1\u00ba Per\u00edodo da 17\u00aa Legislatura","Pauta (Arquivo)":"-","Ata (Arquivo)":"-"},{"Tipo":"Ordin\u00e1ria","N\u00famero":11,"Exerc\u00edcio":2022,"Data":"18\/04\/2022","Status":"Encerrada","Legislatura":"Legislatura (2021 - 2024)","Descri\u00e7\u00e3o":"11\u00aa Sess\u00e3o Ordin\u00e1ria do 2\u00ba ano do 1\u00ba Per\u00edodo da 17\u00aa Legislatura","Pauta (Arquivo)":"-","Ata (Arquivo)":"-"},{"Tipo":"Ordin\u00e1ria","N\u00famero":10,"Exerc\u00edcio":2022,"Data":"11\/04\/2022","Status":"Encerrada","Legislatura":"Legislatura (2021 - 2024)","Descri\u00e7\u00e3o":"10\u00aa SESS\u00c3O ORDIN\u00c1RIA DA C\u00c2MARA MUNICIPAL DE MERUOCA","Pauta (Arquivo)":"-","Ata (Arquivo)":"-"}]